{"id":1888,"date":"2018-09-06T14:23:48","date_gmt":"2018-09-06T12:23:48","guid":{"rendered":"https:\/\/www.kitachinderwaelt.ch\/?p=1888"},"modified":"2024-01-04T11:27:35","modified_gmt":"2024-01-04T10:27:35","slug":"sommerfest-2018","status":"publish","type":"post","link":"https:\/\/www.kitachinderwaelt.ch\/en\/sommerfest-2018\/","title":{"rendered":"Das war unser Sommerfest 2018"},"content":{"rendered":"\n<style type=\"text\/css\" data-created_by=\"avia_inline_auto\" id=\"style-css-av-3hu7tv-d9baea86655e4cd5737035bb772dbf24\">\n.flex_column.av-3hu7tv-d9baea86655e4cd5737035bb772dbf24{\n-webkit-border-radius:0px 0px 0px 0px;\n-moz-border-radius:0px 0px 0px 0px;\nborder-radius:0px 0px 0px 0px;\npadding:0px 0px 0px 0px;\n}\n<\/style>\n<div class='flex_column av-3hu7tv-d9baea86655e4cd5737035bb772dbf24 av_one_full  avia-builder-el-0  avia-builder-el-no-sibling  first flex_column_div av-zero-column-padding '     ><p>\n<style type=\"text\/css\" data-created_by=\"avia_inline_auto\" id=\"style-css-av-jlw8vdg7-f50ae60dff6451576353d131fa3bd7ce\">\n#top .av-special-heading.av-jlw8vdg7-f50ae60dff6451576353d131fa3bd7ce{\npadding-bottom:10px;\n}\nbody .av-special-heading.av-jlw8vdg7-f50ae60dff6451576353d131fa3bd7ce .av-special-heading-tag .heading-char{\nfont-size:25px;\n}\n.av-special-heading.av-jlw8vdg7-f50ae60dff6451576353d131fa3bd7ce .av-subheading{\nfont-size:15px;\n}\n<\/style>\n<div  class='av-special-heading av-jlw8vdg7-f50ae60dff6451576353d131fa3bd7ce av-special-heading-h2 blockquote modern-quote  avia-builder-el-1  el_before_av_textblock  avia-builder-el-first '><h2 class='av-special-heading-tag'  itemprop=\"headline\"  >Das war unser<br \/>\nSommerfest 2018<\/h2><div class=\"special-heading-border\"><div class=\"special-heading-inner-border\"><\/div><\/div><\/div><br \/>\n<section  class='av_textblock_section av-jiq1tvbd-1db2d6e8b0b6aa94649c87aeba9597be'  itemscope=\"itemscope\" itemtype=\"https:\/\/schema.org\/BlogPosting\" itemprop=\"blogPost\" ><div class='avia_textblock'  itemprop=\"text\" ><div class=\"avia_inner_shortcode avia-edit-element\">\n<div class=\"avia_textblock avia_textblock_style\" data-update_with=\"content\">\n<p>Trotz etwas tr\u00fcbem Wetter, wurde das Sommerfest sehr gut besucht. Gross und Klein war sehr besch\u00e4ftig und hatte sichtlich Spass an den Festaktivit\u00e4ten. Ein Clown sorgte zus\u00e4tzlich f\u00fcr Stimmung und pr\u00e4sentierte seine Kunstst\u00fccke. F\u00fcr Speis und Trank war gesorgt, dank dem reichhaltigen Salat- und Dessertbuffet wurden die Grillw\u00fcrste zum Festschmaus. Ein herzliches Dankesch\u00f6n geht an alle Eltern, die uns so grossz\u00fcgig mit Beilagen unterst\u00fctzt haben und das Buffet bereicherten. \u00a0Wir bedanken uns auch bei allen Eltern, die uns beim Abbau nach dem Fest unterst\u00fctzten. Ein grosses<br \/>\nDankesch\u00f6n geht auch an das Kita Team, welches das Fest jedes Jahr zu einem besonderen Anlass macht und sich jeweils von einer sehr kreativen Seite<br \/>\nzeigt.<\/p>\n<p>Hier sehen Sie ein paar Eindr\u00fccke unseres Sommerfestes. Auf unserer <a title=\"\" href=\"https:\/\/www.facebook.com\/media\/set\/?set=ms.c.eJxFkkEORCEIQ280oUJR7n~_xyacRtw31lSJgjhPHkrZO8gcJuVo4foUjIUdIOLJIXGGjJ3ZcIVDHc~%3Bm~_gjelcCm0~%3BCaw1wjsR~_1a6MJisCUKh~_IlSg12SciZgLBjoaLnjU5651gv2OoJ2FuuH33BuGS5FIZ9lphd4oQaG4pbW~_JcAdmWmqR0dVpDCVFiKOrD3hlMlsGqsZrGCOXwyZHCxmAreyIGCzZ2js3UtsgnfJb9~%3BgfVWN7GuBSdL3rfNnK~_Q4VKVh~%3BLwC8HcOoPq1CEog~-~-.bps.a.1103184286502917&amp;type=1&amp;__xts__&#091;0&#093;=68.ARDPu3g5vomxKQwasGO3wxtOTNB7-36Unu3UfeXBMeWYwdK7xmUulextqYCwJ2rPbuaOCrIeK8svOGafy8FIWd2hGmibmV-DIn5cAy03yfzKPDwaqRQHtkZB4XlfkDfAa6fRHmiPHiptyluHOojvehA-GFVoT3Dds4NrxBezxCHcEVeg07dUeg&amp;__tn__=HH-R\" target=\"_blank\" rel=\"noopener\">Facebook-Seite<\/a> finden Sie aber noch weitere Bilder.<\/p>\n<p>Wir freuen uns bereits aufs n\u00e4chste Sommerfest.<\/p>\n<p>Herzlichst,<br \/>\nIhr Kita Chinderw\u00e4lt-Team<\/p>\n<\/div>\n<\/div>\n<\/div><\/section><br \/>\n\n<style type=\"text\/css\" data-created_by=\"avia_inline_auto\" id=\"style-css-av-jh6g2jww-c3a30935ca3aaefb6d43d5426552176f\">\n#top .hr.hr-invisible.av-jh6g2jww-c3a30935ca3aaefb6d43d5426552176f{\nheight:30px;\n}\n<\/style>\n<div  class='hr av-jh6g2jww-c3a30935ca3aaefb6d43d5426552176f hr-invisible  avia-builder-el-3  el_after_av_textblock  el_before_av_masonry_gallery  avia-builder-el-last '><span class='hr-inner '><span class=\"hr-inner-style\"><\/span><\/span><\/div><br \/>\n<div id='av-masonry-1' class='av-masonry av-jipx8xez-5757b8fe6bd4f2e5652793f22f15b391 noHover av-flex-size av-large-gap av-hover-overlay-active av-masonry-animation-active av-masonry-col-3 av-caption-always av-caption-style- av-masonry-gallery ' data-post_id=\"1888\"><div class=\"av-masonry-container isotope av-js-disabled\"><div class='av-masonry-entry isotope-item av-masonry-item-no-image '><\/div><a href=\"https:\/\/www.kitachinderwaelt.ch\/wp-content\/uploads\/2018\/09\/Kita-Chinderwaelt_Sommerfest_2018_1-1030x684.jpg\" data-srcset=\"https:\/\/www.kitachinderwaelt.ch\/wp-content\/uploads\/2018\/09\/Kita-Chinderwaelt_Sommerfest_2018_1-1030x684.jpg 1030w, https:\/\/www.kitachinderwaelt.ch\/wp-content\/uploads\/2018\/09\/Kita-Chinderwaelt_Sommerfest_2018_1-80x53.jpg 80w, https:\/\/www.kitachinderwaelt.ch\/wp-content\/uploads\/2018\/09\/Kita-Chinderwaelt_Sommerfest_2018_1-300x199.jpg 300w, https:\/\/www.kitachinderwaelt.ch\/wp-content\/uploads\/2018\/09\/Kita-Chinderwaelt_Sommerfest_2018_1-768x510.jpg 768w, https:\/\/www.kitachinderwaelt.ch\/wp-content\/uploads\/2018\/09\/Kita-Chinderwaelt_Sommerfest_2018_1.jpg 1500w, https:\/\/www.kitachinderwaelt.ch\/wp-content\/uploads\/2018\/09\/Kita-Chinderwaelt_Sommerfest_2018_1-705x468.jpg 705w, https:\/\/www.kitachinderwaelt.ch\/wp-content\/uploads\/2018\/09\/Kita-Chinderwaelt_Sommerfest_2018_1-450x299.jpg 450w\" data-sizes=\"(max-width: 1030px) 100vw, 1030px\"  aria-label=\"image Kita-Chinderwaelt_Sommerfest_2018_1\"  id='av-masonry-1-item-2777' data-av-masonry-item='2777' class='av-masonry-entry isotope-item post-2777 attachment type-attachment status-inherit hentry  av-masonry-item-with-image' title=\"Kita-Chinderwaelt_Sommerfest_2018_1\" alt=\"\"    itemprop=\"thumbnailUrl\" ><div class='av-inner-masonry-sizer'><\/div><figure class='av-inner-masonry main_color'><div class=\"av-masonry-outerimage-container\"><div class='av-masonry-image-container'   ><img decoding=\"async\" width=\"705\" height=\"468\" class=\"wp-image-2777 avia-img-lazy-loading-not-2777\"  src=\"https:\/\/www.kitachinderwaelt.ch\/wp-content\/uploads\/2018\/09\/Kita-Chinderwaelt_Sommerfest_2018_1-705x468.jpg\" title=\"Kita-Chinderwaelt_Sommerfest_2018_1\" alt=\"\" srcset=\"https:\/\/www.kitachinderwaelt.ch\/wp-content\/uploads\/2018\/09\/Kita-Chinderwaelt_Sommerfest_2018_1-705x468.jpg 705w, https:\/\/www.kitachinderwaelt.ch\/wp-content\/uploads\/2018\/09\/Kita-Chinderwaelt_Sommerfest_2018_1-80x53.jpg 80w, https:\/\/www.kitachinderwaelt.ch\/wp-content\/uploads\/2018\/09\/Kita-Chinderwaelt_Sommerfest_2018_1-300x199.jpg 300w, https:\/\/www.kitachinderwaelt.ch\/wp-content\/uploads\/2018\/09\/Kita-Chinderwaelt_Sommerfest_2018_1-768x510.jpg 768w, https:\/\/www.kitachinderwaelt.ch\/wp-content\/uploads\/2018\/09\/Kita-Chinderwaelt_Sommerfest_2018_1-1030x684.jpg 1030w, https:\/\/www.kitachinderwaelt.ch\/wp-content\/uploads\/2018\/09\/Kita-Chinderwaelt_Sommerfest_2018_1.jpg 1500w, https:\/\/www.kitachinderwaelt.ch\/wp-content\/uploads\/2018\/09\/Kita-Chinderwaelt_Sommerfest_2018_1-450x299.jpg 450w\" sizes=\"(max-width: 705px) 100vw, 705px\" \/><\/div><\/div><\/figure><\/a><!--end av-masonry entry--><a href=\"https:\/\/www.kitachinderwaelt.ch\/wp-content\/uploads\/2018\/09\/Kita-Chinderwaelt_Sommerfest_2018_3-1030x684.jpg\" data-srcset=\"https:\/\/www.kitachinderwaelt.ch\/wp-content\/uploads\/2018\/09\/Kita-Chinderwaelt_Sommerfest_2018_3-1030x684.jpg 1030w, https:\/\/www.kitachinderwaelt.ch\/wp-content\/uploads\/2018\/09\/Kita-Chinderwaelt_Sommerfest_2018_3-80x53.jpg 80w, https:\/\/www.kitachinderwaelt.ch\/wp-content\/uploads\/2018\/09\/Kita-Chinderwaelt_Sommerfest_2018_3-300x199.jpg 300w, https:\/\/www.kitachinderwaelt.ch\/wp-content\/uploads\/2018\/09\/Kita-Chinderwaelt_Sommerfest_2018_3-768x510.jpg 768w, https:\/\/www.kitachinderwaelt.ch\/wp-content\/uploads\/2018\/09\/Kita-Chinderwaelt_Sommerfest_2018_3.jpg 1500w, https:\/\/www.kitachinderwaelt.ch\/wp-content\/uploads\/2018\/09\/Kita-Chinderwaelt_Sommerfest_2018_3-705x468.jpg 705w, https:\/\/www.kitachinderwaelt.ch\/wp-content\/uploads\/2018\/09\/Kita-Chinderwaelt_Sommerfest_2018_3-450x299.jpg 450w\" data-sizes=\"(max-width: 1030px) 100vw, 1030px\"  aria-label=\"image Kita-Chinderwaelt_Sommerfest_2018_3\"  id='av-masonry-1-item-2778' data-av-masonry-item='2778' class='av-masonry-entry isotope-item post-2778 attachment type-attachment status-inherit hentry  av-masonry-item-with-image' title=\"Kita-Chinderwaelt_Sommerfest_2018_3\" alt=\"\"    itemprop=\"thumbnailUrl\" ><div class='av-inner-masonry-sizer'><\/div><figure class='av-inner-masonry main_color'><div class=\"av-masonry-outerimage-container\"><div class='av-masonry-image-container'   ><img decoding=\"async\" width=\"705\" height=\"468\" class=\"wp-image-2778 avia-img-lazy-loading-not-2778\"  src=\"https:\/\/www.kitachinderwaelt.ch\/wp-content\/uploads\/2018\/09\/Kita-Chinderwaelt_Sommerfest_2018_3-705x468.jpg\" title=\"Kita-Chinderwaelt_Sommerfest_2018_3\" alt=\"\" srcset=\"https:\/\/www.kitachinderwaelt.ch\/wp-content\/uploads\/2018\/09\/Kita-Chinderwaelt_Sommerfest_2018_3-705x468.jpg 705w, https:\/\/www.kitachinderwaelt.ch\/wp-content\/uploads\/2018\/09\/Kita-Chinderwaelt_Sommerfest_2018_3-80x53.jpg 80w, https:\/\/www.kitachinderwaelt.ch\/wp-content\/uploads\/2018\/09\/Kita-Chinderwaelt_Sommerfest_2018_3-300x199.jpg 300w, https:\/\/www.kitachinderwaelt.ch\/wp-content\/uploads\/2018\/09\/Kita-Chinderwaelt_Sommerfest_2018_3-768x510.jpg 768w, https:\/\/www.kitachinderwaelt.ch\/wp-content\/uploads\/2018\/09\/Kita-Chinderwaelt_Sommerfest_2018_3-1030x684.jpg 1030w, https:\/\/www.kitachinderwaelt.ch\/wp-content\/uploads\/2018\/09\/Kita-Chinderwaelt_Sommerfest_2018_3.jpg 1500w, https:\/\/www.kitachinderwaelt.ch\/wp-content\/uploads\/2018\/09\/Kita-Chinderwaelt_Sommerfest_2018_3-450x299.jpg 450w\" sizes=\"(max-width: 705px) 100vw, 705px\" \/><\/div><\/div><\/figure><\/a><!--end av-masonry entry--><a href=\"https:\/\/www.kitachinderwaelt.ch\/wp-content\/uploads\/2018\/09\/Kita-Chinderwaelt_Sommerfest_2018_14-684x1030.jpg\" data-srcset=\"https:\/\/www.kitachinderwaelt.ch\/wp-content\/uploads\/2018\/09\/Kita-Chinderwaelt_Sommerfest_2018_14-684x1030.jpg 684w, https:\/\/www.kitachinderwaelt.ch\/wp-content\/uploads\/2018\/09\/Kita-Chinderwaelt_Sommerfest_2018_14-53x80.jpg 53w, https:\/\/www.kitachinderwaelt.ch\/wp-content\/uploads\/2018\/09\/Kita-Chinderwaelt_Sommerfest_2018_14-199x300.jpg 199w, https:\/\/www.kitachinderwaelt.ch\/wp-content\/uploads\/2018\/09\/Kita-Chinderwaelt_Sommerfest_2018_14-768x1157.jpg 768w, https:\/\/www.kitachinderwaelt.ch\/wp-content\/uploads\/2018\/09\/Kita-Chinderwaelt_Sommerfest_2018_14.jpg 996w, https:\/\/www.kitachinderwaelt.ch\/wp-content\/uploads\/2018\/09\/Kita-Chinderwaelt_Sommerfest_2018_14-468x705.jpg 468w, https:\/\/www.kitachinderwaelt.ch\/wp-content\/uploads\/2018\/09\/Kita-Chinderwaelt_Sommerfest_2018_14-450x678.jpg 450w\" data-sizes=\"(max-width: 684px) 100vw, 684px\"  aria-label=\"image Kita-Chinderwaelt_Sommerfest_2018_14\"  id='av-masonry-1-item-2771' data-av-masonry-item='2771' class='av-masonry-entry isotope-item post-2771 attachment type-attachment status-inherit hentry  av-masonry-item-with-image' title=\"Kita-Chinderwaelt_Sommerfest_2018_14\" alt=\"\"    itemprop=\"thumbnailUrl\" ><div class='av-inner-masonry-sizer'><\/div><figure class='av-inner-masonry main_color'><div class=\"av-masonry-outerimage-container\"><div class='av-masonry-image-container'   ><img decoding=\"async\" width=\"468\" height=\"705\" class=\"wp-image-2771 avia-img-lazy-loading-not-2771\"  src=\"https:\/\/www.kitachinderwaelt.ch\/wp-content\/uploads\/2018\/09\/Kita-Chinderwaelt_Sommerfest_2018_14-468x705.jpg\" title=\"Kita-Chinderwaelt_Sommerfest_2018_14\" alt=\"\" srcset=\"https:\/\/www.kitachinderwaelt.ch\/wp-content\/uploads\/2018\/09\/Kita-Chinderwaelt_Sommerfest_2018_14-468x705.jpg 468w, https:\/\/www.kitachinderwaelt.ch\/wp-content\/uploads\/2018\/09\/Kita-Chinderwaelt_Sommerfest_2018_14-53x80.jpg 53w, https:\/\/www.kitachinderwaelt.ch\/wp-content\/uploads\/2018\/09\/Kita-Chinderwaelt_Sommerfest_2018_14-199x300.jpg 199w, https:\/\/www.kitachinderwaelt.ch\/wp-content\/uploads\/2018\/09\/Kita-Chinderwaelt_Sommerfest_2018_14-768x1157.jpg 768w, https:\/\/www.kitachinderwaelt.ch\/wp-content\/uploads\/2018\/09\/Kita-Chinderwaelt_Sommerfest_2018_14-684x1030.jpg 684w, https:\/\/www.kitachinderwaelt.ch\/wp-content\/uploads\/2018\/09\/Kita-Chinderwaelt_Sommerfest_2018_14.jpg 996w, https:\/\/www.kitachinderwaelt.ch\/wp-content\/uploads\/2018\/09\/Kita-Chinderwaelt_Sommerfest_2018_14-450x678.jpg 450w\" sizes=\"(max-width: 468px) 100vw, 468px\" \/><\/div><\/div><\/figure><\/a><!--end av-masonry entry--><a href=\"https:\/\/www.kitachinderwaelt.ch\/wp-content\/uploads\/2018\/09\/Kita-Chinderwaelt_Sommerfest_2018_7.jpg\" data-srcset=\"https:\/\/www.kitachinderwaelt.ch\/wp-content\/uploads\/2018\/09\/Kita-Chinderwaelt_Sommerfest_2018_7.jpg 682w, https:\/\/www.kitachinderwaelt.ch\/wp-content\/uploads\/2018\/09\/Kita-Chinderwaelt_Sommerfest_2018_7-53x80.jpg 53w, https:\/\/www.kitachinderwaelt.ch\/wp-content\/uploads\/2018\/09\/Kita-Chinderwaelt_Sommerfest_2018_7-200x300.jpg 200w, https:\/\/www.kitachinderwaelt.ch\/wp-content\/uploads\/2018\/09\/Kita-Chinderwaelt_Sommerfest_2018_7-470x705.jpg 470w, https:\/\/www.kitachinderwaelt.ch\/wp-content\/uploads\/2018\/09\/Kita-Chinderwaelt_Sommerfest_2018_7-450x676.jpg 450w\" data-sizes=\"(max-width: 682px) 100vw, 682px\"  aria-label=\"image Kita-Chinderwaelt_Sommerfest_2018_7\"  id='av-masonry-1-item-2780' data-av-masonry-item='2780' class='av-masonry-entry isotope-item post-2780 attachment type-attachment status-inherit hentry  av-masonry-item-with-image' title=\"Kita-Chinderwaelt_Sommerfest_2018_7\" alt=\"\"    itemprop=\"thumbnailUrl\" ><div class='av-inner-masonry-sizer'><\/div><figure class='av-inner-masonry main_color'><div class=\"av-masonry-outerimage-container\"><div class='av-masonry-image-container'   ><img decoding=\"async\" width=\"470\" height=\"705\" class=\"wp-image-2780 avia-img-lazy-loading-not-2780\"  src=\"https:\/\/www.kitachinderwaelt.ch\/wp-content\/uploads\/2018\/09\/Kita-Chinderwaelt_Sommerfest_2018_7-470x705.jpg\" title=\"Kita-Chinderwaelt_Sommerfest_2018_7\" alt=\"\" srcset=\"https:\/\/www.kitachinderwaelt.ch\/wp-content\/uploads\/2018\/09\/Kita-Chinderwaelt_Sommerfest_2018_7-470x705.jpg 470w, https:\/\/www.kitachinderwaelt.ch\/wp-content\/uploads\/2018\/09\/Kita-Chinderwaelt_Sommerfest_2018_7-53x80.jpg 53w, https:\/\/www.kitachinderwaelt.ch\/wp-content\/uploads\/2018\/09\/Kita-Chinderwaelt_Sommerfest_2018_7-200x300.jpg 200w, https:\/\/www.kitachinderwaelt.ch\/wp-content\/uploads\/2018\/09\/Kita-Chinderwaelt_Sommerfest_2018_7-450x676.jpg 450w, https:\/\/www.kitachinderwaelt.ch\/wp-content\/uploads\/2018\/09\/Kita-Chinderwaelt_Sommerfest_2018_7.jpg 682w\" sizes=\"(max-width: 470px) 100vw, 470px\" \/><\/div><\/div><\/figure><\/a><!--end av-masonry entry--><a href=\"https:\/\/www.kitachinderwaelt.ch\/wp-content\/uploads\/2018\/09\/Kita-Chinderwaelt_Sommerfest_2018_13-1030x684.jpg\" data-srcset=\"https:\/\/www.kitachinderwaelt.ch\/wp-content\/uploads\/2018\/09\/Kita-Chinderwaelt_Sommerfest_2018_13-1030x684.jpg 1030w, https:\/\/www.kitachinderwaelt.ch\/wp-content\/uploads\/2018\/09\/Kita-Chinderwaelt_Sommerfest_2018_13-80x53.jpg 80w, https:\/\/www.kitachinderwaelt.ch\/wp-content\/uploads\/2018\/09\/Kita-Chinderwaelt_Sommerfest_2018_13-300x199.jpg 300w, https:\/\/www.kitachinderwaelt.ch\/wp-content\/uploads\/2018\/09\/Kita-Chinderwaelt_Sommerfest_2018_13-768x510.jpg 768w, https:\/\/www.kitachinderwaelt.ch\/wp-content\/uploads\/2018\/09\/Kita-Chinderwaelt_Sommerfest_2018_13.jpg 1500w, https:\/\/www.kitachinderwaelt.ch\/wp-content\/uploads\/2018\/09\/Kita-Chinderwaelt_Sommerfest_2018_13-705x468.jpg 705w, https:\/\/www.kitachinderwaelt.ch\/wp-content\/uploads\/2018\/09\/Kita-Chinderwaelt_Sommerfest_2018_13-450x299.jpg 450w\" data-sizes=\"(max-width: 1030px) 100vw, 1030px\"  aria-label=\"image Kita-Chinderwaelt_Sommerfest_2018_13\"  id='av-masonry-1-item-2772' data-av-masonry-item='2772' class='av-masonry-entry isotope-item post-2772 attachment type-attachment status-inherit hentry  av-masonry-item-with-image' title=\"Kita-Chinderwaelt_Sommerfest_2018_13\" alt=\"\"    itemprop=\"thumbnailUrl\" ><div class='av-inner-masonry-sizer'><\/div><figure class='av-inner-masonry main_color'><div class=\"av-masonry-outerimage-container\"><div class='av-masonry-image-container'   ><img decoding=\"async\" width=\"705\" height=\"468\" class=\"wp-image-2772 avia-img-lazy-loading-not-2772\"  src=\"https:\/\/www.kitachinderwaelt.ch\/wp-content\/uploads\/2018\/09\/Kita-Chinderwaelt_Sommerfest_2018_13-705x468.jpg\" title=\"Kita-Chinderwaelt_Sommerfest_2018_13\" alt=\"\" srcset=\"https:\/\/www.kitachinderwaelt.ch\/wp-content\/uploads\/2018\/09\/Kita-Chinderwaelt_Sommerfest_2018_13-705x468.jpg 705w, https:\/\/www.kitachinderwaelt.ch\/wp-content\/uploads\/2018\/09\/Kita-Chinderwaelt_Sommerfest_2018_13-80x53.jpg 80w, https:\/\/www.kitachinderwaelt.ch\/wp-content\/uploads\/2018\/09\/Kita-Chinderwaelt_Sommerfest_2018_13-300x199.jpg 300w, https:\/\/www.kitachinderwaelt.ch\/wp-content\/uploads\/2018\/09\/Kita-Chinderwaelt_Sommerfest_2018_13-768x510.jpg 768w, https:\/\/www.kitachinderwaelt.ch\/wp-content\/uploads\/2018\/09\/Kita-Chinderwaelt_Sommerfest_2018_13-1030x684.jpg 1030w, https:\/\/www.kitachinderwaelt.ch\/wp-content\/uploads\/2018\/09\/Kita-Chinderwaelt_Sommerfest_2018_13.jpg 1500w, https:\/\/www.kitachinderwaelt.ch\/wp-content\/uploads\/2018\/09\/Kita-Chinderwaelt_Sommerfest_2018_13-450x299.jpg 450w\" sizes=\"(max-width: 705px) 100vw, 705px\" \/><\/div><\/div><\/figure><\/a><!--end av-masonry entry--><a href=\"https:\/\/www.kitachinderwaelt.ch\/wp-content\/uploads\/2018\/09\/Kita-Chinderwaelt_Sommerfest_2018_12-684x1030.jpg\" data-srcset=\"https:\/\/www.kitachinderwaelt.ch\/wp-content\/uploads\/2018\/09\/Kita-Chinderwaelt_Sommerfest_2018_12-684x1030.jpg 684w, https:\/\/www.kitachinderwaelt.ch\/wp-content\/uploads\/2018\/09\/Kita-Chinderwaelt_Sommerfest_2018_12-53x80.jpg 53w, https:\/\/www.kitachinderwaelt.ch\/wp-content\/uploads\/2018\/09\/Kita-Chinderwaelt_Sommerfest_2018_12-199x300.jpg 199w, https:\/\/www.kitachinderwaelt.ch\/wp-content\/uploads\/2018\/09\/Kita-Chinderwaelt_Sommerfest_2018_12-768x1157.jpg 768w, https:\/\/www.kitachinderwaelt.ch\/wp-content\/uploads\/2018\/09\/Kita-Chinderwaelt_Sommerfest_2018_12.jpg 996w, https:\/\/www.kitachinderwaelt.ch\/wp-content\/uploads\/2018\/09\/Kita-Chinderwaelt_Sommerfest_2018_12-468x705.jpg 468w, https:\/\/www.kitachinderwaelt.ch\/wp-content\/uploads\/2018\/09\/Kita-Chinderwaelt_Sommerfest_2018_12-450x678.jpg 450w\" data-sizes=\"(max-width: 684px) 100vw, 684px\"  aria-label=\"image Kita-Chinderwaelt_Sommerfest_2018_12\"  id='av-masonry-1-item-2773' data-av-masonry-item='2773' class='av-masonry-entry isotope-item post-2773 attachment type-attachment status-inherit hentry  av-masonry-item-with-image' title=\"Kita-Chinderwaelt_Sommerfest_2018_12\" alt=\"\"    itemprop=\"thumbnailUrl\" ><div class='av-inner-masonry-sizer'><\/div><figure class='av-inner-masonry main_color'><div class=\"av-masonry-outerimage-container\"><div class='av-masonry-image-container'   ><img decoding=\"async\" width=\"468\" height=\"705\" class=\"wp-image-2773 avia-img-lazy-loading-not-2773\"  src=\"https:\/\/www.kitachinderwaelt.ch\/wp-content\/uploads\/2018\/09\/Kita-Chinderwaelt_Sommerfest_2018_12-468x705.jpg\" title=\"Kita-Chinderwaelt_Sommerfest_2018_12\" alt=\"\" srcset=\"https:\/\/www.kitachinderwaelt.ch\/wp-content\/uploads\/2018\/09\/Kita-Chinderwaelt_Sommerfest_2018_12-468x705.jpg 468w, https:\/\/www.kitachinderwaelt.ch\/wp-content\/uploads\/2018\/09\/Kita-Chinderwaelt_Sommerfest_2018_12-53x80.jpg 53w, https:\/\/www.kitachinderwaelt.ch\/wp-content\/uploads\/2018\/09\/Kita-Chinderwaelt_Sommerfest_2018_12-199x300.jpg 199w, https:\/\/www.kitachinderwaelt.ch\/wp-content\/uploads\/2018\/09\/Kita-Chinderwaelt_Sommerfest_2018_12-768x1157.jpg 768w, https:\/\/www.kitachinderwaelt.ch\/wp-content\/uploads\/2018\/09\/Kita-Chinderwaelt_Sommerfest_2018_12-684x1030.jpg 684w, https:\/\/www.kitachinderwaelt.ch\/wp-content\/uploads\/2018\/09\/Kita-Chinderwaelt_Sommerfest_2018_12.jpg 996w, https:\/\/www.kitachinderwaelt.ch\/wp-content\/uploads\/2018\/09\/Kita-Chinderwaelt_Sommerfest_2018_12-450x678.jpg 450w\" sizes=\"(max-width: 468px) 100vw, 468px\" \/><\/div><\/div><\/figure><\/a><!--end av-masonry entry--><a href=\"https:\/\/www.kitachinderwaelt.ch\/wp-content\/uploads\/2018\/09\/Kita-Chinderwaelt_Sommerfest_2018_10-684x1030.jpg\" data-srcset=\"https:\/\/www.kitachinderwaelt.ch\/wp-content\/uploads\/2018\/09\/Kita-Chinderwaelt_Sommerfest_2018_10-684x1030.jpg 684w, https:\/\/www.kitachinderwaelt.ch\/wp-content\/uploads\/2018\/09\/Kita-Chinderwaelt_Sommerfest_2018_10-53x80.jpg 53w, https:\/\/www.kitachinderwaelt.ch\/wp-content\/uploads\/2018\/09\/Kita-Chinderwaelt_Sommerfest_2018_10-199x300.jpg 199w, https:\/\/www.kitachinderwaelt.ch\/wp-content\/uploads\/2018\/09\/Kita-Chinderwaelt_Sommerfest_2018_10-768x1157.jpg 768w, https:\/\/www.kitachinderwaelt.ch\/wp-content\/uploads\/2018\/09\/Kita-Chinderwaelt_Sommerfest_2018_10.jpg 996w, https:\/\/www.kitachinderwaelt.ch\/wp-content\/uploads\/2018\/09\/Kita-Chinderwaelt_Sommerfest_2018_10-468x705.jpg 468w, https:\/\/www.kitachinderwaelt.ch\/wp-content\/uploads\/2018\/09\/Kita-Chinderwaelt_Sommerfest_2018_10-450x678.jpg 450w\" data-sizes=\"(max-width: 684px) 100vw, 684px\"  aria-label=\"image Kita-Chinderwaelt_Sommerfest_2018_10\"  id='av-masonry-1-item-2774' data-av-masonry-item='2774' class='av-masonry-entry isotope-item post-2774 attachment type-attachment status-inherit hentry  av-masonry-item-with-image' title=\"Kita-Chinderwaelt_Sommerfest_2018_10\" alt=\"\"    itemprop=\"thumbnailUrl\" ><div class='av-inner-masonry-sizer'><\/div><figure class='av-inner-masonry main_color'><div class=\"av-masonry-outerimage-container\"><div class='av-masonry-image-container'   ><img decoding=\"async\" width=\"468\" height=\"705\" class=\"wp-image-2774 avia-img-lazy-loading-not-2774\"  src=\"https:\/\/www.kitachinderwaelt.ch\/wp-content\/uploads\/2018\/09\/Kita-Chinderwaelt_Sommerfest_2018_10-468x705.jpg\" title=\"Kita-Chinderwaelt_Sommerfest_2018_10\" alt=\"\" srcset=\"https:\/\/www.kitachinderwaelt.ch\/wp-content\/uploads\/2018\/09\/Kita-Chinderwaelt_Sommerfest_2018_10-468x705.jpg 468w, https:\/\/www.kitachinderwaelt.ch\/wp-content\/uploads\/2018\/09\/Kita-Chinderwaelt_Sommerfest_2018_10-53x80.jpg 53w, https:\/\/www.kitachinderwaelt.ch\/wp-content\/uploads\/2018\/09\/Kita-Chinderwaelt_Sommerfest_2018_10-199x300.jpg 199w, https:\/\/www.kitachinderwaelt.ch\/wp-content\/uploads\/2018\/09\/Kita-Chinderwaelt_Sommerfest_2018_10-768x1157.jpg 768w, https:\/\/www.kitachinderwaelt.ch\/wp-content\/uploads\/2018\/09\/Kita-Chinderwaelt_Sommerfest_2018_10-684x1030.jpg 684w, https:\/\/www.kitachinderwaelt.ch\/wp-content\/uploads\/2018\/09\/Kita-Chinderwaelt_Sommerfest_2018_10.jpg 996w, https:\/\/www.kitachinderwaelt.ch\/wp-content\/uploads\/2018\/09\/Kita-Chinderwaelt_Sommerfest_2018_10-450x678.jpg 450w\" sizes=\"(max-width: 468px) 100vw, 468px\" \/><\/div><\/div><\/figure><\/a><!--end av-masonry entry--><a href=\"https:\/\/www.kitachinderwaelt.ch\/wp-content\/uploads\/2018\/09\/Kita-Chinderwaelt_Sommerfest_2018_5-1030x684.jpg\" data-srcset=\"https:\/\/www.kitachinderwaelt.ch\/wp-content\/uploads\/2018\/09\/Kita-Chinderwaelt_Sommerfest_2018_5-1030x684.jpg 1030w, https:\/\/www.kitachinderwaelt.ch\/wp-content\/uploads\/2018\/09\/Kita-Chinderwaelt_Sommerfest_2018_5-80x53.jpg 80w, https:\/\/www.kitachinderwaelt.ch\/wp-content\/uploads\/2018\/09\/Kita-Chinderwaelt_Sommerfest_2018_5-300x199.jpg 300w, https:\/\/www.kitachinderwaelt.ch\/wp-content\/uploads\/2018\/09\/Kita-Chinderwaelt_Sommerfest_2018_5-768x510.jpg 768w, https:\/\/www.kitachinderwaelt.ch\/wp-content\/uploads\/2018\/09\/Kita-Chinderwaelt_Sommerfest_2018_5.jpg 1500w, https:\/\/www.kitachinderwaelt.ch\/wp-content\/uploads\/2018\/09\/Kita-Chinderwaelt_Sommerfest_2018_5-705x468.jpg 705w, https:\/\/www.kitachinderwaelt.ch\/wp-content\/uploads\/2018\/09\/Kita-Chinderwaelt_Sommerfest_2018_5-450x299.jpg 450w\" data-sizes=\"(max-width: 1030px) 100vw, 1030px\"  aria-label=\"image Kita-Chinderwaelt_Sommerfest_2018_5\"  id='av-masonry-1-item-2775' data-av-masonry-item='2775' class='av-masonry-entry isotope-item post-2775 attachment type-attachment status-inherit hentry  av-masonry-item-with-image' title=\"Kita-Chinderwaelt_Sommerfest_2018_5\" alt=\"\"    itemprop=\"thumbnailUrl\" ><div class='av-inner-masonry-sizer'><\/div><figure class='av-inner-masonry main_color'><div class=\"av-masonry-outerimage-container\"><div class='av-masonry-image-container'   ><img decoding=\"async\" width=\"705\" height=\"468\" class=\"wp-image-2775 avia-img-lazy-loading-not-2775\"  src=\"https:\/\/www.kitachinderwaelt.ch\/wp-content\/uploads\/2018\/09\/Kita-Chinderwaelt_Sommerfest_2018_5-705x468.jpg\" title=\"Kita-Chinderwaelt_Sommerfest_2018_5\" alt=\"\" srcset=\"https:\/\/www.kitachinderwaelt.ch\/wp-content\/uploads\/2018\/09\/Kita-Chinderwaelt_Sommerfest_2018_5-705x468.jpg 705w, https:\/\/www.kitachinderwaelt.ch\/wp-content\/uploads\/2018\/09\/Kita-Chinderwaelt_Sommerfest_2018_5-80x53.jpg 80w, https:\/\/www.kitachinderwaelt.ch\/wp-content\/uploads\/2018\/09\/Kita-Chinderwaelt_Sommerfest_2018_5-300x199.jpg 300w, https:\/\/www.kitachinderwaelt.ch\/wp-content\/uploads\/2018\/09\/Kita-Chinderwaelt_Sommerfest_2018_5-768x510.jpg 768w, https:\/\/www.kitachinderwaelt.ch\/wp-content\/uploads\/2018\/09\/Kita-Chinderwaelt_Sommerfest_2018_5-1030x684.jpg 1030w, https:\/\/www.kitachinderwaelt.ch\/wp-content\/uploads\/2018\/09\/Kita-Chinderwaelt_Sommerfest_2018_5.jpg 1500w, https:\/\/www.kitachinderwaelt.ch\/wp-content\/uploads\/2018\/09\/Kita-Chinderwaelt_Sommerfest_2018_5-450x299.jpg 450w\" sizes=\"(max-width: 705px) 100vw, 705px\" \/><\/div><\/div><\/figure><\/a><!--end av-masonry entry--><a href=\"https:\/\/www.kitachinderwaelt.ch\/wp-content\/uploads\/2018\/09\/Kita-Chinderwaelt_Sommerfest_2018_4-1030x684.jpg\" data-srcset=\"https:\/\/www.kitachinderwaelt.ch\/wp-content\/uploads\/2018\/09\/Kita-Chinderwaelt_Sommerfest_2018_4-1030x684.jpg 1030w, https:\/\/www.kitachinderwaelt.ch\/wp-content\/uploads\/2018\/09\/Kita-Chinderwaelt_Sommerfest_2018_4-80x53.jpg 80w, https:\/\/www.kitachinderwaelt.ch\/wp-content\/uploads\/2018\/09\/Kita-Chinderwaelt_Sommerfest_2018_4-300x199.jpg 300w, https:\/\/www.kitachinderwaelt.ch\/wp-content\/uploads\/2018\/09\/Kita-Chinderwaelt_Sommerfest_2018_4-768x510.jpg 768w, https:\/\/www.kitachinderwaelt.ch\/wp-content\/uploads\/2018\/09\/Kita-Chinderwaelt_Sommerfest_2018_4.jpg 1500w, https:\/\/www.kitachinderwaelt.ch\/wp-content\/uploads\/2018\/09\/Kita-Chinderwaelt_Sommerfest_2018_4-705x468.jpg 705w, https:\/\/www.kitachinderwaelt.ch\/wp-content\/uploads\/2018\/09\/Kita-Chinderwaelt_Sommerfest_2018_4-450x299.jpg 450w\" data-sizes=\"(max-width: 1030px) 100vw, 1030px\"  aria-label=\"image Kita-Chinderwaelt_Sommerfest_2018_4\"  id='av-masonry-1-item-2776' data-av-masonry-item='2776' class='av-masonry-entry isotope-item post-2776 attachment type-attachment status-inherit hentry  av-masonry-item-with-image' title=\"Kita-Chinderwaelt_Sommerfest_2018_4\" alt=\"\"    itemprop=\"thumbnailUrl\" ><div class='av-inner-masonry-sizer'><\/div><figure class='av-inner-masonry main_color'><div class=\"av-masonry-outerimage-container\"><div class='av-masonry-image-container'   ><img decoding=\"async\" width=\"705\" height=\"468\" class=\"wp-image-2776 avia-img-lazy-loading-not-2776\"  src=\"https:\/\/www.kitachinderwaelt.ch\/wp-content\/uploads\/2018\/09\/Kita-Chinderwaelt_Sommerfest_2018_4-705x468.jpg\" title=\"Kita-Chinderwaelt_Sommerfest_2018_4\" alt=\"\" srcset=\"https:\/\/www.kitachinderwaelt.ch\/wp-content\/uploads\/2018\/09\/Kita-Chinderwaelt_Sommerfest_2018_4-705x468.jpg 705w, https:\/\/www.kitachinderwaelt.ch\/wp-content\/uploads\/2018\/09\/Kita-Chinderwaelt_Sommerfest_2018_4-80x53.jpg 80w, https:\/\/www.kitachinderwaelt.ch\/wp-content\/uploads\/2018\/09\/Kita-Chinderwaelt_Sommerfest_2018_4-300x199.jpg 300w, https:\/\/www.kitachinderwaelt.ch\/wp-content\/uploads\/2018\/09\/Kita-Chinderwaelt_Sommerfest_2018_4-768x510.jpg 768w, https:\/\/www.kitachinderwaelt.ch\/wp-content\/uploads\/2018\/09\/Kita-Chinderwaelt_Sommerfest_2018_4-1030x684.jpg 1030w, https:\/\/www.kitachinderwaelt.ch\/wp-content\/uploads\/2018\/09\/Kita-Chinderwaelt_Sommerfest_2018_4.jpg 1500w, https:\/\/www.kitachinderwaelt.ch\/wp-content\/uploads\/2018\/09\/Kita-Chinderwaelt_Sommerfest_2018_4-450x299.jpg 450w\" sizes=\"(max-width: 705px) 100vw, 705px\" \/><\/div><\/div><\/figure><\/a><!--end av-masonry entry--><a href=\"https:\/\/www.kitachinderwaelt.ch\/wp-content\/uploads\/2018\/09\/Kita-Chinderwaelt_Sommerfest_2018_2-1030x684.jpg\" data-srcset=\"https:\/\/www.kitachinderwaelt.ch\/wp-content\/uploads\/2018\/09\/Kita-Chinderwaelt_Sommerfest_2018_2-1030x684.jpg 1030w, https:\/\/www.kitachinderwaelt.ch\/wp-content\/uploads\/2018\/09\/Kita-Chinderwaelt_Sommerfest_2018_2-80x53.jpg 80w, https:\/\/www.kitachinderwaelt.ch\/wp-content\/uploads\/2018\/09\/Kita-Chinderwaelt_Sommerfest_2018_2-300x199.jpg 300w, https:\/\/www.kitachinderwaelt.ch\/wp-content\/uploads\/2018\/09\/Kita-Chinderwaelt_Sommerfest_2018_2-768x510.jpg 768w, https:\/\/www.kitachinderwaelt.ch\/wp-content\/uploads\/2018\/09\/Kita-Chinderwaelt_Sommerfest_2018_2-705x468.jpg 705w, https:\/\/www.kitachinderwaelt.ch\/wp-content\/uploads\/2018\/09\/Kita-Chinderwaelt_Sommerfest_2018_2-450x299.jpg 450w, https:\/\/www.kitachinderwaelt.ch\/wp-content\/uploads\/2018\/09\/Kita-Chinderwaelt_Sommerfest_2018_2.jpg 1280w\" data-sizes=\"(max-width: 1030px) 100vw, 1030px\"  aria-label=\"image Kita-Chinderwaelt_Sommerfest_2018_2\"  id='av-masonry-1-item-2779' data-av-masonry-item='2779' class='av-masonry-entry isotope-item post-2779 attachment type-attachment status-inherit hentry  av-masonry-item-with-image' title=\"Kita-Chinderwaelt_Sommerfest_2018_2\" alt=\"\"    itemprop=\"thumbnailUrl\" ><div class='av-inner-masonry-sizer'><\/div><figure class='av-inner-masonry main_color'><div class=\"av-masonry-outerimage-container\"><div class='av-masonry-image-container'   ><img decoding=\"async\" width=\"705\" height=\"468\" class=\"wp-image-2779 avia-img-lazy-loading-not-2779\"  src=\"https:\/\/www.kitachinderwaelt.ch\/wp-content\/uploads\/2018\/09\/Kita-Chinderwaelt_Sommerfest_2018_2-705x468.jpg\" title=\"Kita-Chinderwaelt_Sommerfest_2018_2\" alt=\"\" srcset=\"https:\/\/www.kitachinderwaelt.ch\/wp-content\/uploads\/2018\/09\/Kita-Chinderwaelt_Sommerfest_2018_2-705x468.jpg 705w, https:\/\/www.kitachinderwaelt.ch\/wp-content\/uploads\/2018\/09\/Kita-Chinderwaelt_Sommerfest_2018_2-80x53.jpg 80w, https:\/\/www.kitachinderwaelt.ch\/wp-content\/uploads\/2018\/09\/Kita-Chinderwaelt_Sommerfest_2018_2-300x199.jpg 300w, https:\/\/www.kitachinderwaelt.ch\/wp-content\/uploads\/2018\/09\/Kita-Chinderwaelt_Sommerfest_2018_2-768x510.jpg 768w, https:\/\/www.kitachinderwaelt.ch\/wp-content\/uploads\/2018\/09\/Kita-Chinderwaelt_Sommerfest_2018_2-1030x684.jpg 1030w, https:\/\/www.kitachinderwaelt.ch\/wp-content\/uploads\/2018\/09\/Kita-Chinderwaelt_Sommerfest_2018_2-450x299.jpg 450w, https:\/\/www.kitachinderwaelt.ch\/wp-content\/uploads\/2018\/09\/Kita-Chinderwaelt_Sommerfest_2018_2.jpg 1280w\" sizes=\"(max-width: 705px) 100vw, 705px\" \/><\/div><\/div><\/figure><\/a><!--end av-masonry entry--><\/div><\/div><\/p><\/div>\n","protected":false},"excerpt":{"rendered":"<p>Trotz etwas tr\u00fcbem Wetter, wurde das Sommerfest der Kita Chinderw\u00e4lt in Baden-D\u00e4ttwil sehr gut besucht. Gross und Klein war sehr besch\u00e4ftig und hatte sichtlich Spass an den Festaktivit\u00e4ten. Hier ein paar Impressionen daraus.<\/p>\n","protected":false},"author":7,"featured_media":1895,"comment_status":"closed","ping_status":"open","sticky":false,"template":"","format":"standard","meta":{"footnotes":""},"categories":[1],"tags":[],"_links":{"self":[{"href":"https:\/\/www.kitachinderwaelt.ch\/en\/wp-json\/wp\/v2\/posts\/1888"}],"collection":[{"href":"https:\/\/www.kitachinderwaelt.ch\/en\/wp-json\/wp\/v2\/posts"}],"about":[{"href":"https:\/\/www.kitachinderwaelt.ch\/en\/wp-json\/wp\/v2\/types\/post"}],"author":[{"embeddable":true,"href":"https:\/\/www.kitachinderwaelt.ch\/en\/wp-json\/wp\/v2\/users\/7"}],"replies":[{"embeddable":true,"href":"https:\/\/www.kitachinderwaelt.ch\/en\/wp-json\/wp\/v2\/comments?post=1888"}],"version-history":[{"count":3,"href":"https:\/\/www.kitachinderwaelt.ch\/en\/wp-json\/wp\/v2\/posts\/1888\/revisions"}],"predecessor-version":[{"id":1924,"href":"https:\/\/www.kitachinderwaelt.ch\/en\/wp-json\/wp\/v2\/posts\/1888\/revisions\/1924"}],"wp:featuredmedia":[{"embeddable":true,"href":"https:\/\/www.kitachinderwaelt.ch\/en\/wp-json\/wp\/v2\/media\/1895"}],"wp:attachment":[{"href":"https:\/\/www.kitachinderwaelt.ch\/en\/wp-json\/wp\/v2\/media?parent=1888"}],"wp:term":[{"taxonomy":"category","embeddable":true,"href":"https:\/\/www.kitachinderwaelt.ch\/en\/wp-json\/wp\/v2\/categories?post=1888"},{"taxonomy":"post_tag","embeddable":true,"href":"https:\/\/www.kitachinderwaelt.ch\/en\/wp-json\/wp\/v2\/tags?post=1888"}],"curies":[{"name":"wp","href":"https:\/\/api.w.org\/{rel}","templated":true}]}}