{"id":2060,"date":"2019-09-05T16:22:25","date_gmt":"2019-09-05T14:22:25","guid":{"rendered":"https:\/\/www.kitachinderwaelt.ch\/?p=2060"},"modified":"2024-01-04T11:27:35","modified_gmt":"2024-01-04T10:27:35","slug":"sommerfest-2019","status":"publish","type":"post","link":"https:\/\/www.kitachinderwaelt.ch\/en\/sommerfest-2019\/","title":{"rendered":"Sommerfest 2019"},"content":{"rendered":"\n<style type=\"text\/css\" data-created_by=\"avia_inline_auto\" id=\"style-css-av-3hu7tv-d9baea86655e4cd5737035bb772dbf24\">\n.flex_column.av-3hu7tv-d9baea86655e4cd5737035bb772dbf24{\n-webkit-border-radius:0px 0px 0px 0px;\n-moz-border-radius:0px 0px 0px 0px;\nborder-radius:0px 0px 0px 0px;\npadding:0px 0px 0px 0px;\n}\n<\/style>\n<div class='flex_column av-3hu7tv-d9baea86655e4cd5737035bb772dbf24 av_one_full  avia-builder-el-0  avia-builder-el-no-sibling  first flex_column_div av-zero-column-padding '     ><p>\n<style type=\"text\/css\" data-created_by=\"avia_inline_auto\" id=\"style-css-av-av_heading-2b3956cf7ea04906fa3c2a099d87cb18\">\n#top .av-special-heading.av-av_heading-2b3956cf7ea04906fa3c2a099d87cb18{\npadding-bottom:10px;\n}\nbody .av-special-heading.av-av_heading-2b3956cf7ea04906fa3c2a099d87cb18 .av-special-heading-tag .heading-char{\nfont-size:25px;\n}\n.av-special-heading.av-av_heading-2b3956cf7ea04906fa3c2a099d87cb18 .av-subheading{\nfont-size:15px;\n}\n<\/style>\n<div  class='av-special-heading av-av_heading-2b3956cf7ea04906fa3c2a099d87cb18 av-special-heading-h2 blockquote modern-quote  avia-builder-el-1  el_before_av_image  avia-builder-el-first '><h2 class='av-special-heading-tag'  itemprop=\"headline\"  >Sommerfest 2019 &#8211; Wilder Westen<\/h2><div class=\"special-heading-border\"><div class=\"special-heading-inner-border\"><\/div><\/div><\/div><br \/>\n\n<style type=\"text\/css\" data-created_by=\"avia_inline_auto\" id=\"style-css-av-k087qzqi-3dc4b05f86019861f71fc9212a738f22\">\n.avia-image-container.av-k087qzqi-3dc4b05f86019861f71fc9212a738f22 img.avia_image{\nbox-shadow:none;\n}\n.avia-image-container.av-k087qzqi-3dc4b05f86019861f71fc9212a738f22 .av-image-caption-overlay-center{\ncolor:#ffffff;\n}\n<\/style>\n<div  class='avia-image-container av-k087qzqi-3dc4b05f86019861f71fc9212a738f22 av-styling- avia-align-center  avia-builder-el-2  el_after_av_heading  el_before_av_textblock '   itemprop=\"image\" itemscope=\"itemscope\" itemtype=\"https:\/\/schema.org\/ImageObject\" ><div class=\"avia-image-container-inner\"><div class=\"avia-image-overlay-wrap\"><img decoding=\"async\" class='wp-image-2903 avia-img-lazy-loading-not-2903 avia_image ' src=\"https:\/\/www.kitachinderwaelt.ch\/wp-content\/uploads\/2019\/09\/Kita-Chinderaelt_willkommen-am_Krippenfest_2019.jpg\" alt='' title='Kita-Chinderaelt_willkommen-am_Krippenfest_2019'  height=\"1069\" width=\"2235\"  itemprop=\"thumbnailUrl\" srcset=\"https:\/\/www.kitachinderwaelt.ch\/wp-content\/uploads\/2019\/09\/Kita-Chinderaelt_willkommen-am_Krippenfest_2019.jpg 2235w, https:\/\/www.kitachinderwaelt.ch\/wp-content\/uploads\/2019\/09\/Kita-Chinderaelt_willkommen-am_Krippenfest_2019-80x38.jpg 80w, https:\/\/www.kitachinderwaelt.ch\/wp-content\/uploads\/2019\/09\/Kita-Chinderaelt_willkommen-am_Krippenfest_2019-300x143.jpg 300w, https:\/\/www.kitachinderwaelt.ch\/wp-content\/uploads\/2019\/09\/Kita-Chinderaelt_willkommen-am_Krippenfest_2019-768x367.jpg 768w, https:\/\/www.kitachinderwaelt.ch\/wp-content\/uploads\/2019\/09\/Kita-Chinderaelt_willkommen-am_Krippenfest_2019-1030x493.jpg 1030w, https:\/\/www.kitachinderwaelt.ch\/wp-content\/uploads\/2019\/09\/Kita-Chinderaelt_willkommen-am_Krippenfest_2019-1500x717.jpg 1500w, https:\/\/www.kitachinderwaelt.ch\/wp-content\/uploads\/2019\/09\/Kita-Chinderaelt_willkommen-am_Krippenfest_2019-705x337.jpg 705w, https:\/\/www.kitachinderwaelt.ch\/wp-content\/uploads\/2019\/09\/Kita-Chinderaelt_willkommen-am_Krippenfest_2019-450x215.jpg 450w\" sizes=\"(max-width: 2235px) 100vw, 2235px\" \/><\/div><\/div><\/div><br \/>\n<section  class='av_textblock_section av-jiq1tvbd-1db2d6e8b0b6aa94649c87aeba9597be'  itemscope=\"itemscope\" itemtype=\"https:\/\/schema.org\/BlogPosting\" itemprop=\"blogPost\" ><div class='avia_textblock'  itemprop=\"text\" ><p>Was f\u00fcr eine tolles Sommerfest. Am letzten Samstag strahlte die Sonne f\u00fcr uns und verw\u00f6hnte uns mit ihren warmen Strahlen. Zahlreiche Eltern besuchten uns mit ihren Kindern und genossen den Tag unter dem Motto &#8220;Wilder Westen&#8221;.<\/p>\n<p>Diverse Posten boten den Kindern abwechslungsreiche Aktivit\u00e4ten. An jedem Posten gab es ein Goldnugget zum Abholen. Dazu durften die Kinder ihren Nuggetbeutel auch gleich selber gestalten. Nat\u00fcrlich durfte das Graben nach Gold auch nicht fehlen. Weitere Posten, wie Hufeisenwerfen, B\u00fcchsenschiessen, Wildwestmemory aufdecken, K\u00f6rperteile bei Pferd und Esel zuordnen, geh\u00f6rten zu den Angeboten. Wer Lust hatte, durfte sich auch schminken lassen. Nebst den Goldnuggets bekamen alle Kinder einen Sheriffstern angesteckt. F\u00fcr unsere ganz kleinen Besucher, gab es eine Spielecke wo sie sich verweilen konnten. Das Programm wurde mit einem Kasperlitheater abgerundet.<\/p>\n<p>Kulinarisch wurden wir auch dieses Jahr von den Eltern mit einem abwechslungsreichen Salat- und einem feinen, grossz\u00fcgigen Dessertbuffet verw\u00f6hnt. Dazu wurden diverse W\u00fcrste vom Grill und Getr\u00e4nke f\u00fcr Gross und Klein angeboten. Essen und Trinken konnten alle im Saloon, wo es genug Platz hatte f\u00fcr alle.<\/p>\n<p>Wir bedanken uns ganz herzlich bei allen Eltern f\u00fcr die mitgebrachten Salate und Kuchen. Es freut uns jeweils sehr, dass wir so grossz\u00fcgig unterst\u00fctzt werden.<\/p>\n<p>Ein grosses Dankesch\u00f6n geht an das Chinderw\u00e4lt Team, welches Jahr f\u00fcr Jahr mit ihren kreativen Ideen das Fest zu einem gelungenen Anlass machen. Auch ein Dankesch\u00f6n geht an die Helfer, die uns beim Aufstellen und Abr\u00e4umen, wie auch beim Grillieren unterst\u00fctzen.<\/p>\n<p>Herzlichen Dank an Alle. Wir freuen uns bereits jetzt auf das Sommerfest 2020.<\/p>\n<p>Ihr Kita Chinderw\u00e4lt-Team<\/p>\n<\/div><\/section><br \/>\n\n<style type=\"text\/css\" data-created_by=\"avia_inline_auto\" id=\"style-css-av-jh6g2jww-c3a30935ca3aaefb6d43d5426552176f\">\n#top .hr.hr-invisible.av-jh6g2jww-c3a30935ca3aaefb6d43d5426552176f{\nheight:30px;\n}\n<\/style>\n<div  class='hr av-jh6g2jww-c3a30935ca3aaefb6d43d5426552176f hr-invisible  avia-builder-el-4  el_after_av_textblock  el_before_av_heading '><span class='hr-inner '><span class=\"hr-inner-style\"><\/span><\/span><\/div><br \/>\n\n<style type=\"text\/css\" data-created_by=\"avia_inline_auto\" id=\"style-css-av-av_heading-2845fec565024943f436ab77962c32c1\">\n#top .av-special-heading.av-av_heading-2845fec565024943f436ab77962c32c1{\npadding-bottom:10px;\n}\nbody .av-special-heading.av-av_heading-2845fec565024943f436ab77962c32c1 .av-special-heading-tag .heading-char{\nfont-size:25px;\n}\n.av-special-heading.av-av_heading-2845fec565024943f436ab77962c32c1 .av-subheading{\nfont-size:15px;\n}\n<\/style>\n<div  class='av-special-heading av-av_heading-2845fec565024943f436ab77962c32c1 av-special-heading-h3 blockquote modern-quote  avia-builder-el-5  el_after_av_hr  el_before_av_masonry_gallery  avia-builder-el-last '><h3 class='av-special-heading-tag'  itemprop=\"headline\"  >Impressionen unseres Sommerfestes 2019<\/h3><div class=\"special-heading-border\"><div class=\"special-heading-inner-border\"><\/div><\/div><\/div><br \/>\n<div id='av-masonry-1' class='av-masonry av-jipx8xez-28443000b0c71cfdd0ef2b416d851de2 noHover av-flex-size av-large-gap av-hover-overlay-active av-masonry-animation-active av-masonry-col-3 av-caption-always av-caption-style- av-masonry-gallery ' data-post_id=\"2060\"><div class=\"av-masonry-container isotope av-js-disabled\"><div class='av-masonry-entry isotope-item av-masonry-item-no-image '><\/div><a href=\"https:\/\/www.kitachinderwaelt.ch\/wp-content\/uploads\/2019\/09\/Kita-Chinderwaelt_Sommerfest_2019_32-474x1030.jpg\" data-srcset=\"https:\/\/www.kitachinderwaelt.ch\/wp-content\/uploads\/2019\/09\/Kita-Chinderwaelt_Sommerfest_2019_32-474x1030.jpg 474w, https:\/\/www.kitachinderwaelt.ch\/wp-content\/uploads\/2019\/09\/Kita-Chinderwaelt_Sommerfest_2019_32-37x80.jpg 37w, https:\/\/www.kitachinderwaelt.ch\/wp-content\/uploads\/2019\/09\/Kita-Chinderwaelt_Sommerfest_2019_32-138x300.jpg 138w, https:\/\/www.kitachinderwaelt.ch\/wp-content\/uploads\/2019\/09\/Kita-Chinderwaelt_Sommerfest_2019_32-768x1668.jpg 768w, https:\/\/www.kitachinderwaelt.ch\/wp-content\/uploads\/2019\/09\/Kita-Chinderwaelt_Sommerfest_2019_32-691x1500.jpg 691w, https:\/\/www.kitachinderwaelt.ch\/wp-content\/uploads\/2019\/09\/Kita-Chinderwaelt_Sommerfest_2019_32-325x705.jpg 325w, https:\/\/www.kitachinderwaelt.ch\/wp-content\/uploads\/2019\/09\/Kita-Chinderwaelt_Sommerfest_2019_32-450x977.jpg 450w, https:\/\/www.kitachinderwaelt.ch\/wp-content\/uploads\/2019\/09\/Kita-Chinderwaelt_Sommerfest_2019_32.jpg 1680w\" data-sizes=\"(max-width: 474px) 100vw, 474px\"  aria-label=\"image Kita-Chinderwaelt_Sommerfest_2019_32\"  id='av-masonry-1-item-2880' data-av-masonry-item='2880' class='av-masonry-entry isotope-item post-2880 attachment type-attachment status-inherit hentry  av-masonry-item-with-image' title=\"Kita-Chinderwaelt_Sommerfest_2019_32\" alt=\"\"    itemprop=\"thumbnailUrl\" ><div class='av-inner-masonry-sizer'><\/div><figure class='av-inner-masonry main_color'><div class=\"av-masonry-outerimage-container\"><div class='av-masonry-image-container'   ><img decoding=\"async\" width=\"325\" height=\"705\" class=\"wp-image-2880 avia-img-lazy-loading-not-2880\"  src=\"https:\/\/www.kitachinderwaelt.ch\/wp-content\/uploads\/2019\/09\/Kita-Chinderwaelt_Sommerfest_2019_32-325x705.jpg\" title=\"Kita-Chinderwaelt_Sommerfest_2019_32\" alt=\"\" srcset=\"https:\/\/www.kitachinderwaelt.ch\/wp-content\/uploads\/2019\/09\/Kita-Chinderwaelt_Sommerfest_2019_32-325x705.jpg 325w, https:\/\/www.kitachinderwaelt.ch\/wp-content\/uploads\/2019\/09\/Kita-Chinderwaelt_Sommerfest_2019_32-37x80.jpg 37w, https:\/\/www.kitachinderwaelt.ch\/wp-content\/uploads\/2019\/09\/Kita-Chinderwaelt_Sommerfest_2019_32-138x300.jpg 138w, https:\/\/www.kitachinderwaelt.ch\/wp-content\/uploads\/2019\/09\/Kita-Chinderwaelt_Sommerfest_2019_32-768x1668.jpg 768w, https:\/\/www.kitachinderwaelt.ch\/wp-content\/uploads\/2019\/09\/Kita-Chinderwaelt_Sommerfest_2019_32-474x1030.jpg 474w, https:\/\/www.kitachinderwaelt.ch\/wp-content\/uploads\/2019\/09\/Kita-Chinderwaelt_Sommerfest_2019_32-691x1500.jpg 691w, https:\/\/www.kitachinderwaelt.ch\/wp-content\/uploads\/2019\/09\/Kita-Chinderwaelt_Sommerfest_2019_32-450x977.jpg 450w, https:\/\/www.kitachinderwaelt.ch\/wp-content\/uploads\/2019\/09\/Kita-Chinderwaelt_Sommerfest_2019_32.jpg 1680w\" sizes=\"(max-width: 325px) 100vw, 325px\" \/><\/div><\/div><\/figure><\/a><!--end av-masonry entry--><a href=\"https:\/\/www.kitachinderwaelt.ch\/wp-content\/uploads\/2019\/09\/Kita-Chinderwaelt_Sommerfest_2019_10.jpg\" data-srcset=\"https:\/\/www.kitachinderwaelt.ch\/wp-content\/uploads\/2019\/09\/Kita-Chinderwaelt_Sommerfest_2019_10.jpg 1029w, https:\/\/www.kitachinderwaelt.ch\/wp-content\/uploads\/2019\/09\/Kita-Chinderwaelt_Sommerfest_2019_10-80x53.jpg 80w, https:\/\/www.kitachinderwaelt.ch\/wp-content\/uploads\/2019\/09\/Kita-Chinderwaelt_Sommerfest_2019_10-300x199.jpg 300w, https:\/\/www.kitachinderwaelt.ch\/wp-content\/uploads\/2019\/09\/Kita-Chinderwaelt_Sommerfest_2019_10-768x511.jpg 768w, https:\/\/www.kitachinderwaelt.ch\/wp-content\/uploads\/2019\/09\/Kita-Chinderwaelt_Sommerfest_2019_10-705x469.jpg 705w, https:\/\/www.kitachinderwaelt.ch\/wp-content\/uploads\/2019\/09\/Kita-Chinderwaelt_Sommerfest_2019_10-450x299.jpg 450w\" data-sizes=\"(max-width: 1029px) 100vw, 1029px\"  aria-label=\"image Kita-Chinderwaelt_Sommerfest_2019_10\"  id='av-masonry-1-item-2902' data-av-masonry-item='2902' class='av-masonry-entry isotope-item post-2902 attachment type-attachment status-inherit hentry  av-masonry-item-with-image' title=\"Kita-Chinderwaelt_Sommerfest_2019_10\" alt=\"\"    itemprop=\"thumbnailUrl\" ><div class='av-inner-masonry-sizer'><\/div><figure class='av-inner-masonry main_color'><div class=\"av-masonry-outerimage-container\"><div class='av-masonry-image-container'   ><img decoding=\"async\" width=\"705\" height=\"469\" class=\"wp-image-2902 avia-img-lazy-loading-not-2902\"  src=\"https:\/\/www.kitachinderwaelt.ch\/wp-content\/uploads\/2019\/09\/Kita-Chinderwaelt_Sommerfest_2019_10-705x469.jpg\" title=\"Kita-Chinderwaelt_Sommerfest_2019_10\" alt=\"\" srcset=\"https:\/\/www.kitachinderwaelt.ch\/wp-content\/uploads\/2019\/09\/Kita-Chinderwaelt_Sommerfest_2019_10-705x469.jpg 705w, https:\/\/www.kitachinderwaelt.ch\/wp-content\/uploads\/2019\/09\/Kita-Chinderwaelt_Sommerfest_2019_10-80x53.jpg 80w, https:\/\/www.kitachinderwaelt.ch\/wp-content\/uploads\/2019\/09\/Kita-Chinderwaelt_Sommerfest_2019_10-300x199.jpg 300w, https:\/\/www.kitachinderwaelt.ch\/wp-content\/uploads\/2019\/09\/Kita-Chinderwaelt_Sommerfest_2019_10-768x511.jpg 768w, https:\/\/www.kitachinderwaelt.ch\/wp-content\/uploads\/2019\/09\/Kita-Chinderwaelt_Sommerfest_2019_10-450x299.jpg 450w, https:\/\/www.kitachinderwaelt.ch\/wp-content\/uploads\/2019\/09\/Kita-Chinderwaelt_Sommerfest_2019_10.jpg 1029w\" sizes=\"(max-width: 705px) 100vw, 705px\" \/><\/div><\/div><\/figure><\/a><!--end av-masonry entry--><a href=\"https:\/\/www.kitachinderwaelt.ch\/wp-content\/uploads\/2019\/09\/Kita-Chinderwaelt_Sommerfest_2019_12.jpg\" data-srcset=\"https:\/\/www.kitachinderwaelt.ch\/wp-content\/uploads\/2019\/09\/Kita-Chinderwaelt_Sommerfest_2019_12.jpg 1029w, https:\/\/www.kitachinderwaelt.ch\/wp-content\/uploads\/2019\/09\/Kita-Chinderwaelt_Sommerfest_2019_12-80x53.jpg 80w, https:\/\/www.kitachinderwaelt.ch\/wp-content\/uploads\/2019\/09\/Kita-Chinderwaelt_Sommerfest_2019_12-300x199.jpg 300w, https:\/\/www.kitachinderwaelt.ch\/wp-content\/uploads\/2019\/09\/Kita-Chinderwaelt_Sommerfest_2019_12-768x511.jpg 768w, https:\/\/www.kitachinderwaelt.ch\/wp-content\/uploads\/2019\/09\/Kita-Chinderwaelt_Sommerfest_2019_12-705x469.jpg 705w, https:\/\/www.kitachinderwaelt.ch\/wp-content\/uploads\/2019\/09\/Kita-Chinderwaelt_Sommerfest_2019_12-450x299.jpg 450w\" data-sizes=\"(max-width: 1029px) 100vw, 1029px\"  aria-label=\"image Kita-Chinderwaelt_Sommerfest_2019_12\"  id='av-masonry-1-item-2901' data-av-masonry-item='2901' class='av-masonry-entry isotope-item post-2901 attachment type-attachment status-inherit hentry  av-masonry-item-with-image' title=\"Kita-Chinderwaelt_Sommerfest_2019_12\" alt=\"\"    itemprop=\"thumbnailUrl\" ><div class='av-inner-masonry-sizer'><\/div><figure class='av-inner-masonry main_color'><div class=\"av-masonry-outerimage-container\"><div class='av-masonry-image-container'   ><img decoding=\"async\" width=\"705\" height=\"469\" class=\"wp-image-2901 avia-img-lazy-loading-not-2901\"  src=\"https:\/\/www.kitachinderwaelt.ch\/wp-content\/uploads\/2019\/09\/Kita-Chinderwaelt_Sommerfest_2019_12-705x469.jpg\" title=\"Kita-Chinderwaelt_Sommerfest_2019_12\" alt=\"\" srcset=\"https:\/\/www.kitachinderwaelt.ch\/wp-content\/uploads\/2019\/09\/Kita-Chinderwaelt_Sommerfest_2019_12-705x469.jpg 705w, https:\/\/www.kitachinderwaelt.ch\/wp-content\/uploads\/2019\/09\/Kita-Chinderwaelt_Sommerfest_2019_12-80x53.jpg 80w, https:\/\/www.kitachinderwaelt.ch\/wp-content\/uploads\/2019\/09\/Kita-Chinderwaelt_Sommerfest_2019_12-300x199.jpg 300w, https:\/\/www.kitachinderwaelt.ch\/wp-content\/uploads\/2019\/09\/Kita-Chinderwaelt_Sommerfest_2019_12-768x511.jpg 768w, https:\/\/www.kitachinderwaelt.ch\/wp-content\/uploads\/2019\/09\/Kita-Chinderwaelt_Sommerfest_2019_12-450x299.jpg 450w, https:\/\/www.kitachinderwaelt.ch\/wp-content\/uploads\/2019\/09\/Kita-Chinderwaelt_Sommerfest_2019_12.jpg 1029w\" sizes=\"(max-width: 705px) 100vw, 705px\" \/><\/div><\/div><\/figure><\/a><!--end av-masonry entry--><a href=\"https:\/\/www.kitachinderwaelt.ch\/wp-content\/uploads\/2019\/09\/Kita-Chinderwaelt_Sommerfest_2019_55-773x1030.jpg\" data-srcset=\"https:\/\/www.kitachinderwaelt.ch\/wp-content\/uploads\/2019\/09\/Kita-Chinderwaelt_Sommerfest_2019_55-773x1030.jpg 773w, https:\/\/www.kitachinderwaelt.ch\/wp-content\/uploads\/2019\/09\/Kita-Chinderwaelt_Sommerfest_2019_55-60x80.jpg 60w, https:\/\/www.kitachinderwaelt.ch\/wp-content\/uploads\/2019\/09\/Kita-Chinderwaelt_Sommerfest_2019_55-225x300.jpg 225w, https:\/\/www.kitachinderwaelt.ch\/wp-content\/uploads\/2019\/09\/Kita-Chinderwaelt_Sommerfest_2019_55-768x1024.jpg 768w, https:\/\/www.kitachinderwaelt.ch\/wp-content\/uploads\/2019\/09\/Kita-Chinderwaelt_Sommerfest_2019_55-1125x1500.jpg 1125w, https:\/\/www.kitachinderwaelt.ch\/wp-content\/uploads\/2019\/09\/Kita-Chinderwaelt_Sommerfest_2019_55-529x705.jpg 529w, https:\/\/www.kitachinderwaelt.ch\/wp-content\/uploads\/2019\/09\/Kita-Chinderwaelt_Sommerfest_2019_55-450x600.jpg 450w\" data-sizes=\"(max-width: 773px) 100vw, 773px\"  aria-label=\"image Kita-Chinderwaelt_Sommerfest_2019_55\"  id='av-masonry-1-item-2862' data-av-masonry-item='2862' class='av-masonry-entry isotope-item post-2862 attachment type-attachment status-inherit hentry  av-masonry-item-with-image' title=\"Kita-Chinderwaelt_Sommerfest_2019_55\" alt=\"\"    itemprop=\"thumbnailUrl\" ><div class='av-inner-masonry-sizer'><\/div><figure class='av-inner-masonry main_color'><div class=\"av-masonry-outerimage-container\"><div class='av-masonry-image-container'   ><img decoding=\"async\" width=\"529\" height=\"705\" class=\"wp-image-2862 avia-img-lazy-loading-not-2862\"  src=\"https:\/\/www.kitachinderwaelt.ch\/wp-content\/uploads\/2019\/09\/Kita-Chinderwaelt_Sommerfest_2019_55-529x705.jpg\" title=\"Kita-Chinderwaelt_Sommerfest_2019_55\" alt=\"\" srcset=\"https:\/\/www.kitachinderwaelt.ch\/wp-content\/uploads\/2019\/09\/Kita-Chinderwaelt_Sommerfest_2019_55-529x705.jpg 529w, https:\/\/www.kitachinderwaelt.ch\/wp-content\/uploads\/2019\/09\/Kita-Chinderwaelt_Sommerfest_2019_55-60x80.jpg 60w, https:\/\/www.kitachinderwaelt.ch\/wp-content\/uploads\/2019\/09\/Kita-Chinderwaelt_Sommerfest_2019_55-225x300.jpg 225w, https:\/\/www.kitachinderwaelt.ch\/wp-content\/uploads\/2019\/09\/Kita-Chinderwaelt_Sommerfest_2019_55-768x1024.jpg 768w, https:\/\/www.kitachinderwaelt.ch\/wp-content\/uploads\/2019\/09\/Kita-Chinderwaelt_Sommerfest_2019_55-773x1030.jpg 773w, https:\/\/www.kitachinderwaelt.ch\/wp-content\/uploads\/2019\/09\/Kita-Chinderwaelt_Sommerfest_2019_55-1125x1500.jpg 1125w, https:\/\/www.kitachinderwaelt.ch\/wp-content\/uploads\/2019\/09\/Kita-Chinderwaelt_Sommerfest_2019_55-450x600.jpg 450w\" sizes=\"(max-width: 529px) 100vw, 529px\" \/><\/div><\/div><\/figure><\/a><!--end av-masonry entry--><a href=\"https:\/\/www.kitachinderwaelt.ch\/wp-content\/uploads\/2019\/09\/Kita-Chinderwaelt_Sommerfest_2019_11.jpg\" data-srcset=\"https:\/\/www.kitachinderwaelt.ch\/wp-content\/uploads\/2019\/09\/Kita-Chinderwaelt_Sommerfest_2019_11.jpg 1029w, https:\/\/www.kitachinderwaelt.ch\/wp-content\/uploads\/2019\/09\/Kita-Chinderwaelt_Sommerfest_2019_11-80x53.jpg 80w, https:\/\/www.kitachinderwaelt.ch\/wp-content\/uploads\/2019\/09\/Kita-Chinderwaelt_Sommerfest_2019_11-300x199.jpg 300w, https:\/\/www.kitachinderwaelt.ch\/wp-content\/uploads\/2019\/09\/Kita-Chinderwaelt_Sommerfest_2019_11-768x511.jpg 768w, https:\/\/www.kitachinderwaelt.ch\/wp-content\/uploads\/2019\/09\/Kita-Chinderwaelt_Sommerfest_2019_11-705x469.jpg 705w, https:\/\/www.kitachinderwaelt.ch\/wp-content\/uploads\/2019\/09\/Kita-Chinderwaelt_Sommerfest_2019_11-450x299.jpg 450w\" data-sizes=\"(max-width: 1029px) 100vw, 1029px\"  aria-label=\"image Kita-Chinderwaelt_Sommerfest_2019_11\"  id='av-masonry-1-item-2900' data-av-masonry-item='2900' class='av-masonry-entry isotope-item post-2900 attachment type-attachment status-inherit hentry  av-masonry-item-with-image' title=\"Kita-Chinderwaelt_Sommerfest_2019_11\" alt=\"\"    itemprop=\"thumbnailUrl\" ><div class='av-inner-masonry-sizer'><\/div><figure class='av-inner-masonry main_color'><div class=\"av-masonry-outerimage-container\"><div class='av-masonry-image-container'   ><img decoding=\"async\" width=\"705\" height=\"469\" class=\"wp-image-2900 avia-img-lazy-loading-not-2900\"  src=\"https:\/\/www.kitachinderwaelt.ch\/wp-content\/uploads\/2019\/09\/Kita-Chinderwaelt_Sommerfest_2019_11-705x469.jpg\" title=\"Kita-Chinderwaelt_Sommerfest_2019_11\" alt=\"\" srcset=\"https:\/\/www.kitachinderwaelt.ch\/wp-content\/uploads\/2019\/09\/Kita-Chinderwaelt_Sommerfest_2019_11-705x469.jpg 705w, https:\/\/www.kitachinderwaelt.ch\/wp-content\/uploads\/2019\/09\/Kita-Chinderwaelt_Sommerfest_2019_11-80x53.jpg 80w, https:\/\/www.kitachinderwaelt.ch\/wp-content\/uploads\/2019\/09\/Kita-Chinderwaelt_Sommerfest_2019_11-300x199.jpg 300w, https:\/\/www.kitachinderwaelt.ch\/wp-content\/uploads\/2019\/09\/Kita-Chinderwaelt_Sommerfest_2019_11-768x511.jpg 768w, https:\/\/www.kitachinderwaelt.ch\/wp-content\/uploads\/2019\/09\/Kita-Chinderwaelt_Sommerfest_2019_11-450x299.jpg 450w, https:\/\/www.kitachinderwaelt.ch\/wp-content\/uploads\/2019\/09\/Kita-Chinderwaelt_Sommerfest_2019_11.jpg 1029w\" sizes=\"(max-width: 705px) 100vw, 705px\" \/><\/div><\/div><\/figure><\/a><!--end av-masonry entry--><a href=\"https:\/\/www.kitachinderwaelt.ch\/wp-content\/uploads\/2019\/09\/Kita-Chinderwaelt_Sommerfest_2019_15.jpg\" data-srcset=\"https:\/\/www.kitachinderwaelt.ch\/wp-content\/uploads\/2019\/09\/Kita-Chinderwaelt_Sommerfest_2019_15.jpg 1029w, https:\/\/www.kitachinderwaelt.ch\/wp-content\/uploads\/2019\/09\/Kita-Chinderwaelt_Sommerfest_2019_15-80x53.jpg 80w, https:\/\/www.kitachinderwaelt.ch\/wp-content\/uploads\/2019\/09\/Kita-Chinderwaelt_Sommerfest_2019_15-300x199.jpg 300w, https:\/\/www.kitachinderwaelt.ch\/wp-content\/uploads\/2019\/09\/Kita-Chinderwaelt_Sommerfest_2019_15-768x511.jpg 768w, https:\/\/www.kitachinderwaelt.ch\/wp-content\/uploads\/2019\/09\/Kita-Chinderwaelt_Sommerfest_2019_15-705x469.jpg 705w, https:\/\/www.kitachinderwaelt.ch\/wp-content\/uploads\/2019\/09\/Kita-Chinderwaelt_Sommerfest_2019_15-450x299.jpg 450w\" data-sizes=\"(max-width: 1029px) 100vw, 1029px\"  aria-label=\"image Kita-Chinderwaelt_Sommerfest_2019_15\"  id='av-masonry-1-item-2899' data-av-masonry-item='2899' class='av-masonry-entry isotope-item post-2899 attachment type-attachment status-inherit hentry  av-masonry-item-with-image' title=\"Kita-Chinderwaelt_Sommerfest_2019_15\" alt=\"\"    itemprop=\"thumbnailUrl\" ><div class='av-inner-masonry-sizer'><\/div><figure class='av-inner-masonry main_color'><div class=\"av-masonry-outerimage-container\"><div class='av-masonry-image-container'   ><img decoding=\"async\" width=\"705\" height=\"469\" class=\"wp-image-2899 avia-img-lazy-loading-not-2899\"  src=\"https:\/\/www.kitachinderwaelt.ch\/wp-content\/uploads\/2019\/09\/Kita-Chinderwaelt_Sommerfest_2019_15-705x469.jpg\" title=\"Kita-Chinderwaelt_Sommerfest_2019_15\" alt=\"\" srcset=\"https:\/\/www.kitachinderwaelt.ch\/wp-content\/uploads\/2019\/09\/Kita-Chinderwaelt_Sommerfest_2019_15-705x469.jpg 705w, https:\/\/www.kitachinderwaelt.ch\/wp-content\/uploads\/2019\/09\/Kita-Chinderwaelt_Sommerfest_2019_15-80x53.jpg 80w, https:\/\/www.kitachinderwaelt.ch\/wp-content\/uploads\/2019\/09\/Kita-Chinderwaelt_Sommerfest_2019_15-300x199.jpg 300w, https:\/\/www.kitachinderwaelt.ch\/wp-content\/uploads\/2019\/09\/Kita-Chinderwaelt_Sommerfest_2019_15-768x511.jpg 768w, https:\/\/www.kitachinderwaelt.ch\/wp-content\/uploads\/2019\/09\/Kita-Chinderwaelt_Sommerfest_2019_15-450x299.jpg 450w, https:\/\/www.kitachinderwaelt.ch\/wp-content\/uploads\/2019\/09\/Kita-Chinderwaelt_Sommerfest_2019_15.jpg 1029w\" sizes=\"(max-width: 705px) 100vw, 705px\" \/><\/div><\/div><\/figure><\/a><!--end av-masonry entry--><a href=\"https:\/\/www.kitachinderwaelt.ch\/wp-content\/uploads\/2019\/09\/Kita-Chinderwaelt_Sommerfest_2019_13.jpg\" data-srcset=\"https:\/\/www.kitachinderwaelt.ch\/wp-content\/uploads\/2019\/09\/Kita-Chinderwaelt_Sommerfest_2019_13.jpg 1029w, https:\/\/www.kitachinderwaelt.ch\/wp-content\/uploads\/2019\/09\/Kita-Chinderwaelt_Sommerfest_2019_13-80x53.jpg 80w, https:\/\/www.kitachinderwaelt.ch\/wp-content\/uploads\/2019\/09\/Kita-Chinderwaelt_Sommerfest_2019_13-300x199.jpg 300w, https:\/\/www.kitachinderwaelt.ch\/wp-content\/uploads\/2019\/09\/Kita-Chinderwaelt_Sommerfest_2019_13-768x511.jpg 768w, https:\/\/www.kitachinderwaelt.ch\/wp-content\/uploads\/2019\/09\/Kita-Chinderwaelt_Sommerfest_2019_13-705x469.jpg 705w, https:\/\/www.kitachinderwaelt.ch\/wp-content\/uploads\/2019\/09\/Kita-Chinderwaelt_Sommerfest_2019_13-450x299.jpg 450w\" data-sizes=\"(max-width: 1029px) 100vw, 1029px\"  aria-label=\"image Kita-Chinderwaelt_Sommerfest_2019_13\"  id='av-masonry-1-item-2898' data-av-masonry-item='2898' class='av-masonry-entry isotope-item post-2898 attachment type-attachment status-inherit hentry  av-masonry-item-with-image' title=\"Kita-Chinderwaelt_Sommerfest_2019_13\" alt=\"\"    itemprop=\"thumbnailUrl\" ><div class='av-inner-masonry-sizer'><\/div><figure class='av-inner-masonry main_color'><div class=\"av-masonry-outerimage-container\"><div class='av-masonry-image-container'   ><img decoding=\"async\" width=\"705\" height=\"469\" class=\"wp-image-2898 avia-img-lazy-loading-not-2898\"  src=\"https:\/\/www.kitachinderwaelt.ch\/wp-content\/uploads\/2019\/09\/Kita-Chinderwaelt_Sommerfest_2019_13-705x469.jpg\" title=\"Kita-Chinderwaelt_Sommerfest_2019_13\" alt=\"\" srcset=\"https:\/\/www.kitachinderwaelt.ch\/wp-content\/uploads\/2019\/09\/Kita-Chinderwaelt_Sommerfest_2019_13-705x469.jpg 705w, https:\/\/www.kitachinderwaelt.ch\/wp-content\/uploads\/2019\/09\/Kita-Chinderwaelt_Sommerfest_2019_13-80x53.jpg 80w, https:\/\/www.kitachinderwaelt.ch\/wp-content\/uploads\/2019\/09\/Kita-Chinderwaelt_Sommerfest_2019_13-300x199.jpg 300w, https:\/\/www.kitachinderwaelt.ch\/wp-content\/uploads\/2019\/09\/Kita-Chinderwaelt_Sommerfest_2019_13-768x511.jpg 768w, https:\/\/www.kitachinderwaelt.ch\/wp-content\/uploads\/2019\/09\/Kita-Chinderwaelt_Sommerfest_2019_13-450x299.jpg 450w, https:\/\/www.kitachinderwaelt.ch\/wp-content\/uploads\/2019\/09\/Kita-Chinderwaelt_Sommerfest_2019_13.jpg 1029w\" sizes=\"(max-width: 705px) 100vw, 705px\" \/><\/div><\/div><\/figure><\/a><!--end av-masonry entry--><a href=\"https:\/\/www.kitachinderwaelt.ch\/wp-content\/uploads\/2019\/09\/Kita-Chinderwaelt_Sommerfest_2019_17.jpg\" data-srcset=\"https:\/\/www.kitachinderwaelt.ch\/wp-content\/uploads\/2019\/09\/Kita-Chinderwaelt_Sommerfest_2019_17.jpg 1029w, https:\/\/www.kitachinderwaelt.ch\/wp-content\/uploads\/2019\/09\/Kita-Chinderwaelt_Sommerfest_2019_17-80x53.jpg 80w, https:\/\/www.kitachinderwaelt.ch\/wp-content\/uploads\/2019\/09\/Kita-Chinderwaelt_Sommerfest_2019_17-300x199.jpg 300w, https:\/\/www.kitachinderwaelt.ch\/wp-content\/uploads\/2019\/09\/Kita-Chinderwaelt_Sommerfest_2019_17-768x511.jpg 768w, https:\/\/www.kitachinderwaelt.ch\/wp-content\/uploads\/2019\/09\/Kita-Chinderwaelt_Sommerfest_2019_17-705x469.jpg 705w, https:\/\/www.kitachinderwaelt.ch\/wp-content\/uploads\/2019\/09\/Kita-Chinderwaelt_Sommerfest_2019_17-450x299.jpg 450w\" data-sizes=\"(max-width: 1029px) 100vw, 1029px\"  aria-label=\"image Kita-Chinderwaelt_Sommerfest_2019_17\"  id='av-masonry-1-item-2897' data-av-masonry-item='2897' class='av-masonry-entry isotope-item post-2897 attachment type-attachment status-inherit hentry  av-masonry-item-with-image' title=\"Kita-Chinderwaelt_Sommerfest_2019_17\" alt=\"\"    itemprop=\"thumbnailUrl\" ><div class='av-inner-masonry-sizer'><\/div><figure class='av-inner-masonry main_color'><div class=\"av-masonry-outerimage-container\"><div class='av-masonry-image-container'   ><img decoding=\"async\" width=\"705\" height=\"469\" class=\"wp-image-2897 avia-img-lazy-loading-not-2897\"  src=\"https:\/\/www.kitachinderwaelt.ch\/wp-content\/uploads\/2019\/09\/Kita-Chinderwaelt_Sommerfest_2019_17-705x469.jpg\" title=\"Kita-Chinderwaelt_Sommerfest_2019_17\" alt=\"\" srcset=\"https:\/\/www.kitachinderwaelt.ch\/wp-content\/uploads\/2019\/09\/Kita-Chinderwaelt_Sommerfest_2019_17-705x469.jpg 705w, https:\/\/www.kitachinderwaelt.ch\/wp-content\/uploads\/2019\/09\/Kita-Chinderwaelt_Sommerfest_2019_17-80x53.jpg 80w, https:\/\/www.kitachinderwaelt.ch\/wp-content\/uploads\/2019\/09\/Kita-Chinderwaelt_Sommerfest_2019_17-300x199.jpg 300w, https:\/\/www.kitachinderwaelt.ch\/wp-content\/uploads\/2019\/09\/Kita-Chinderwaelt_Sommerfest_2019_17-768x511.jpg 768w, https:\/\/www.kitachinderwaelt.ch\/wp-content\/uploads\/2019\/09\/Kita-Chinderwaelt_Sommerfest_2019_17-450x299.jpg 450w, https:\/\/www.kitachinderwaelt.ch\/wp-content\/uploads\/2019\/09\/Kita-Chinderwaelt_Sommerfest_2019_17.jpg 1029w\" sizes=\"(max-width: 705px) 100vw, 705px\" \/><\/div><\/div><\/figure><\/a><!--end av-masonry entry--><a href=\"https:\/\/www.kitachinderwaelt.ch\/wp-content\/uploads\/2019\/09\/Kita-Chinderwaelt_Sommerfest_2019_16.jpg\" data-srcset=\"https:\/\/www.kitachinderwaelt.ch\/wp-content\/uploads\/2019\/09\/Kita-Chinderwaelt_Sommerfest_2019_16.jpg 1029w, https:\/\/www.kitachinderwaelt.ch\/wp-content\/uploads\/2019\/09\/Kita-Chinderwaelt_Sommerfest_2019_16-80x53.jpg 80w, https:\/\/www.kitachinderwaelt.ch\/wp-content\/uploads\/2019\/09\/Kita-Chinderwaelt_Sommerfest_2019_16-300x199.jpg 300w, https:\/\/www.kitachinderwaelt.ch\/wp-content\/uploads\/2019\/09\/Kita-Chinderwaelt_Sommerfest_2019_16-768x511.jpg 768w, https:\/\/www.kitachinderwaelt.ch\/wp-content\/uploads\/2019\/09\/Kita-Chinderwaelt_Sommerfest_2019_16-705x469.jpg 705w, https:\/\/www.kitachinderwaelt.ch\/wp-content\/uploads\/2019\/09\/Kita-Chinderwaelt_Sommerfest_2019_16-450x299.jpg 450w\" data-sizes=\"(max-width: 1029px) 100vw, 1029px\"  aria-label=\"image Kita-Chinderwaelt_Sommerfest_2019_16\"  id='av-masonry-1-item-2896' data-av-masonry-item='2896' class='av-masonry-entry isotope-item post-2896 attachment type-attachment status-inherit hentry  av-masonry-item-with-image' title=\"Kita-Chinderwaelt_Sommerfest_2019_16\" alt=\"\"    itemprop=\"thumbnailUrl\" ><div class='av-inner-masonry-sizer'><\/div><figure class='av-inner-masonry main_color'><div class=\"av-masonry-outerimage-container\"><div class='av-masonry-image-container'   ><img decoding=\"async\" width=\"705\" height=\"469\" class=\"wp-image-2896 avia-img-lazy-loading-not-2896\"  src=\"https:\/\/www.kitachinderwaelt.ch\/wp-content\/uploads\/2019\/09\/Kita-Chinderwaelt_Sommerfest_2019_16-705x469.jpg\" title=\"Kita-Chinderwaelt_Sommerfest_2019_16\" alt=\"\" srcset=\"https:\/\/www.kitachinderwaelt.ch\/wp-content\/uploads\/2019\/09\/Kita-Chinderwaelt_Sommerfest_2019_16-705x469.jpg 705w, https:\/\/www.kitachinderwaelt.ch\/wp-content\/uploads\/2019\/09\/Kita-Chinderwaelt_Sommerfest_2019_16-80x53.jpg 80w, https:\/\/www.kitachinderwaelt.ch\/wp-content\/uploads\/2019\/09\/Kita-Chinderwaelt_Sommerfest_2019_16-300x199.jpg 300w, https:\/\/www.kitachinderwaelt.ch\/wp-content\/uploads\/2019\/09\/Kita-Chinderwaelt_Sommerfest_2019_16-768x511.jpg 768w, https:\/\/www.kitachinderwaelt.ch\/wp-content\/uploads\/2019\/09\/Kita-Chinderwaelt_Sommerfest_2019_16-450x299.jpg 450w, https:\/\/www.kitachinderwaelt.ch\/wp-content\/uploads\/2019\/09\/Kita-Chinderwaelt_Sommerfest_2019_16.jpg 1029w\" sizes=\"(max-width: 705px) 100vw, 705px\" \/><\/div><\/div><\/figure><\/a><!--end av-masonry entry--><a href=\"https:\/\/www.kitachinderwaelt.ch\/wp-content\/uploads\/2019\/09\/Kita-Chinderwaelt_Sommerfest_2019_18.jpg\" data-srcset=\"https:\/\/www.kitachinderwaelt.ch\/wp-content\/uploads\/2019\/09\/Kita-Chinderwaelt_Sommerfest_2019_18.jpg 1029w, https:\/\/www.kitachinderwaelt.ch\/wp-content\/uploads\/2019\/09\/Kita-Chinderwaelt_Sommerfest_2019_18-80x53.jpg 80w, https:\/\/www.kitachinderwaelt.ch\/wp-content\/uploads\/2019\/09\/Kita-Chinderwaelt_Sommerfest_2019_18-300x199.jpg 300w, https:\/\/www.kitachinderwaelt.ch\/wp-content\/uploads\/2019\/09\/Kita-Chinderwaelt_Sommerfest_2019_18-768x511.jpg 768w, https:\/\/www.kitachinderwaelt.ch\/wp-content\/uploads\/2019\/09\/Kita-Chinderwaelt_Sommerfest_2019_18-705x469.jpg 705w, https:\/\/www.kitachinderwaelt.ch\/wp-content\/uploads\/2019\/09\/Kita-Chinderwaelt_Sommerfest_2019_18-450x299.jpg 450w\" data-sizes=\"(max-width: 1029px) 100vw, 1029px\"  aria-label=\"image Kita-Chinderwaelt_Sommerfest_2019_18\"  id='av-masonry-1-item-2895' data-av-masonry-item='2895' class='av-masonry-entry isotope-item post-2895 attachment type-attachment status-inherit hentry  av-masonry-item-with-image' title=\"Kita-Chinderwaelt_Sommerfest_2019_18\" alt=\"\"    itemprop=\"thumbnailUrl\" ><div class='av-inner-masonry-sizer'><\/div><figure class='av-inner-masonry main_color'><div class=\"av-masonry-outerimage-container\"><div class='av-masonry-image-container'   ><img decoding=\"async\" width=\"705\" height=\"469\" class=\"wp-image-2895 avia-img-lazy-loading-not-2895\"  src=\"https:\/\/www.kitachinderwaelt.ch\/wp-content\/uploads\/2019\/09\/Kita-Chinderwaelt_Sommerfest_2019_18-705x469.jpg\" title=\"Kita-Chinderwaelt_Sommerfest_2019_18\" alt=\"\" srcset=\"https:\/\/www.kitachinderwaelt.ch\/wp-content\/uploads\/2019\/09\/Kita-Chinderwaelt_Sommerfest_2019_18-705x469.jpg 705w, https:\/\/www.kitachinderwaelt.ch\/wp-content\/uploads\/2019\/09\/Kita-Chinderwaelt_Sommerfest_2019_18-80x53.jpg 80w, https:\/\/www.kitachinderwaelt.ch\/wp-content\/uploads\/2019\/09\/Kita-Chinderwaelt_Sommerfest_2019_18-300x199.jpg 300w, https:\/\/www.kitachinderwaelt.ch\/wp-content\/uploads\/2019\/09\/Kita-Chinderwaelt_Sommerfest_2019_18-768x511.jpg 768w, https:\/\/www.kitachinderwaelt.ch\/wp-content\/uploads\/2019\/09\/Kita-Chinderwaelt_Sommerfest_2019_18-450x299.jpg 450w, https:\/\/www.kitachinderwaelt.ch\/wp-content\/uploads\/2019\/09\/Kita-Chinderwaelt_Sommerfest_2019_18.jpg 1029w\" sizes=\"(max-width: 705px) 100vw, 705px\" \/><\/div><\/div><\/figure><\/a><!--end av-masonry entry--><a href=\"https:\/\/www.kitachinderwaelt.ch\/wp-content\/uploads\/2019\/09\/Kita-Chinderwaelt_Sommerfest_2019_19.jpg\" data-srcset=\"https:\/\/www.kitachinderwaelt.ch\/wp-content\/uploads\/2019\/09\/Kita-Chinderwaelt_Sommerfest_2019_19.jpg 1029w, https:\/\/www.kitachinderwaelt.ch\/wp-content\/uploads\/2019\/09\/Kita-Chinderwaelt_Sommerfest_2019_19-80x53.jpg 80w, https:\/\/www.kitachinderwaelt.ch\/wp-content\/uploads\/2019\/09\/Kita-Chinderwaelt_Sommerfest_2019_19-300x199.jpg 300w, https:\/\/www.kitachinderwaelt.ch\/wp-content\/uploads\/2019\/09\/Kita-Chinderwaelt_Sommerfest_2019_19-768x511.jpg 768w, https:\/\/www.kitachinderwaelt.ch\/wp-content\/uploads\/2019\/09\/Kita-Chinderwaelt_Sommerfest_2019_19-705x469.jpg 705w, https:\/\/www.kitachinderwaelt.ch\/wp-content\/uploads\/2019\/09\/Kita-Chinderwaelt_Sommerfest_2019_19-450x299.jpg 450w\" data-sizes=\"(max-width: 1029px) 100vw, 1029px\"  aria-label=\"image Kita-Chinderwaelt_Sommerfest_2019_19\"  id='av-masonry-1-item-2894' data-av-masonry-item='2894' class='av-masonry-entry isotope-item post-2894 attachment type-attachment status-inherit hentry  av-masonry-item-with-image' title=\"Kita-Chinderwaelt_Sommerfest_2019_19\" alt=\"\"    itemprop=\"thumbnailUrl\" ><div class='av-inner-masonry-sizer'><\/div><figure class='av-inner-masonry main_color'><div class=\"av-masonry-outerimage-container\"><div class='av-masonry-image-container'   ><img decoding=\"async\" width=\"705\" height=\"469\" class=\"wp-image-2894 avia-img-lazy-loading-not-2894\"  src=\"https:\/\/www.kitachinderwaelt.ch\/wp-content\/uploads\/2019\/09\/Kita-Chinderwaelt_Sommerfest_2019_19-705x469.jpg\" title=\"Kita-Chinderwaelt_Sommerfest_2019_19\" alt=\"\" srcset=\"https:\/\/www.kitachinderwaelt.ch\/wp-content\/uploads\/2019\/09\/Kita-Chinderwaelt_Sommerfest_2019_19-705x469.jpg 705w, https:\/\/www.kitachinderwaelt.ch\/wp-content\/uploads\/2019\/09\/Kita-Chinderwaelt_Sommerfest_2019_19-80x53.jpg 80w, https:\/\/www.kitachinderwaelt.ch\/wp-content\/uploads\/2019\/09\/Kita-Chinderwaelt_Sommerfest_2019_19-300x199.jpg 300w, https:\/\/www.kitachinderwaelt.ch\/wp-content\/uploads\/2019\/09\/Kita-Chinderwaelt_Sommerfest_2019_19-768x511.jpg 768w, https:\/\/www.kitachinderwaelt.ch\/wp-content\/uploads\/2019\/09\/Kita-Chinderwaelt_Sommerfest_2019_19-450x299.jpg 450w, https:\/\/www.kitachinderwaelt.ch\/wp-content\/uploads\/2019\/09\/Kita-Chinderwaelt_Sommerfest_2019_19.jpg 1029w\" sizes=\"(max-width: 705px) 100vw, 705px\" \/><\/div><\/div><\/figure><\/a><!--end av-masonry entry--><a href=\"https:\/\/www.kitachinderwaelt.ch\/wp-content\/uploads\/2019\/09\/Kita-Chinderwaelt_Sommerfest_2019_2.jpg\" data-srcset=\"https:\/\/www.kitachinderwaelt.ch\/wp-content\/uploads\/2019\/09\/Kita-Chinderwaelt_Sommerfest_2019_2.jpg 1029w, https:\/\/www.kitachinderwaelt.ch\/wp-content\/uploads\/2019\/09\/Kita-Chinderwaelt_Sommerfest_2019_2-80x53.jpg 80w, https:\/\/www.kitachinderwaelt.ch\/wp-content\/uploads\/2019\/09\/Kita-Chinderwaelt_Sommerfest_2019_2-300x199.jpg 300w, https:\/\/www.kitachinderwaelt.ch\/wp-content\/uploads\/2019\/09\/Kita-Chinderwaelt_Sommerfest_2019_2-768x511.jpg 768w, https:\/\/www.kitachinderwaelt.ch\/wp-content\/uploads\/2019\/09\/Kita-Chinderwaelt_Sommerfest_2019_2-705x469.jpg 705w, https:\/\/www.kitachinderwaelt.ch\/wp-content\/uploads\/2019\/09\/Kita-Chinderwaelt_Sommerfest_2019_2-450x299.jpg 450w\" data-sizes=\"(max-width: 1029px) 100vw, 1029px\"  aria-label=\"image Kita-Chinderwaelt_Sommerfest_2019_2\"  id='av-masonry-1-item-2893' data-av-masonry-item='2893' class='av-masonry-entry isotope-item post-2893 attachment type-attachment status-inherit hentry  av-masonry-item-with-image' title=\"Kita-Chinderwaelt_Sommerfest_2019_2\" alt=\"\"    itemprop=\"thumbnailUrl\" ><div class='av-inner-masonry-sizer'><\/div><figure class='av-inner-masonry main_color'><div class=\"av-masonry-outerimage-container\"><div class='av-masonry-image-container'   ><img decoding=\"async\" width=\"705\" height=\"469\" class=\"wp-image-2893 avia-img-lazy-loading-not-2893\"  src=\"https:\/\/www.kitachinderwaelt.ch\/wp-content\/uploads\/2019\/09\/Kita-Chinderwaelt_Sommerfest_2019_2-705x469.jpg\" title=\"Kita-Chinderwaelt_Sommerfest_2019_2\" alt=\"\" srcset=\"https:\/\/www.kitachinderwaelt.ch\/wp-content\/uploads\/2019\/09\/Kita-Chinderwaelt_Sommerfest_2019_2-705x469.jpg 705w, https:\/\/www.kitachinderwaelt.ch\/wp-content\/uploads\/2019\/09\/Kita-Chinderwaelt_Sommerfest_2019_2-80x53.jpg 80w, https:\/\/www.kitachinderwaelt.ch\/wp-content\/uploads\/2019\/09\/Kita-Chinderwaelt_Sommerfest_2019_2-300x199.jpg 300w, https:\/\/www.kitachinderwaelt.ch\/wp-content\/uploads\/2019\/09\/Kita-Chinderwaelt_Sommerfest_2019_2-768x511.jpg 768w, https:\/\/www.kitachinderwaelt.ch\/wp-content\/uploads\/2019\/09\/Kita-Chinderwaelt_Sommerfest_2019_2-450x299.jpg 450w, https:\/\/www.kitachinderwaelt.ch\/wp-content\/uploads\/2019\/09\/Kita-Chinderwaelt_Sommerfest_2019_2.jpg 1029w\" sizes=\"(max-width: 705px) 100vw, 705px\" \/><\/div><\/div><\/figure><\/a><!--end av-masonry entry--><a href=\"https:\/\/www.kitachinderwaelt.ch\/wp-content\/uploads\/2019\/09\/Kita-Chinderwaelt_Sommerfest_2019_21.jpg\" data-srcset=\"https:\/\/www.kitachinderwaelt.ch\/wp-content\/uploads\/2019\/09\/Kita-Chinderwaelt_Sommerfest_2019_21.jpg 1029w, https:\/\/www.kitachinderwaelt.ch\/wp-content\/uploads\/2019\/09\/Kita-Chinderwaelt_Sommerfest_2019_21-80x53.jpg 80w, https:\/\/www.kitachinderwaelt.ch\/wp-content\/uploads\/2019\/09\/Kita-Chinderwaelt_Sommerfest_2019_21-300x199.jpg 300w, https:\/\/www.kitachinderwaelt.ch\/wp-content\/uploads\/2019\/09\/Kita-Chinderwaelt_Sommerfest_2019_21-768x511.jpg 768w, https:\/\/www.kitachinderwaelt.ch\/wp-content\/uploads\/2019\/09\/Kita-Chinderwaelt_Sommerfest_2019_21-705x469.jpg 705w, https:\/\/www.kitachinderwaelt.ch\/wp-content\/uploads\/2019\/09\/Kita-Chinderwaelt_Sommerfest_2019_21-450x299.jpg 450w\" data-sizes=\"(max-width: 1029px) 100vw, 1029px\"  aria-label=\"image Kita-Chinderwaelt_Sommerfest_2019_21\"  id='av-masonry-1-item-2892' data-av-masonry-item='2892' class='av-masonry-entry isotope-item post-2892 attachment type-attachment status-inherit hentry  av-masonry-item-with-image' title=\"Kita-Chinderwaelt_Sommerfest_2019_21\" alt=\"\"    itemprop=\"thumbnailUrl\" ><div class='av-inner-masonry-sizer'><\/div><figure class='av-inner-masonry main_color'><div class=\"av-masonry-outerimage-container\"><div class='av-masonry-image-container'   ><img decoding=\"async\" width=\"705\" height=\"469\" class=\"wp-image-2892 avia-img-lazy-loading-not-2892\"  src=\"https:\/\/www.kitachinderwaelt.ch\/wp-content\/uploads\/2019\/09\/Kita-Chinderwaelt_Sommerfest_2019_21-705x469.jpg\" title=\"Kita-Chinderwaelt_Sommerfest_2019_21\" alt=\"\" srcset=\"https:\/\/www.kitachinderwaelt.ch\/wp-content\/uploads\/2019\/09\/Kita-Chinderwaelt_Sommerfest_2019_21-705x469.jpg 705w, https:\/\/www.kitachinderwaelt.ch\/wp-content\/uploads\/2019\/09\/Kita-Chinderwaelt_Sommerfest_2019_21-80x53.jpg 80w, https:\/\/www.kitachinderwaelt.ch\/wp-content\/uploads\/2019\/09\/Kita-Chinderwaelt_Sommerfest_2019_21-300x199.jpg 300w, https:\/\/www.kitachinderwaelt.ch\/wp-content\/uploads\/2019\/09\/Kita-Chinderwaelt_Sommerfest_2019_21-768x511.jpg 768w, https:\/\/www.kitachinderwaelt.ch\/wp-content\/uploads\/2019\/09\/Kita-Chinderwaelt_Sommerfest_2019_21-450x299.jpg 450w, https:\/\/www.kitachinderwaelt.ch\/wp-content\/uploads\/2019\/09\/Kita-Chinderwaelt_Sommerfest_2019_21.jpg 1029w\" sizes=\"(max-width: 705px) 100vw, 705px\" \/><\/div><\/div><\/figure><\/a><!--end av-masonry entry--><a href=\"https:\/\/www.kitachinderwaelt.ch\/wp-content\/uploads\/2019\/09\/Kita-Chinderwaelt_Sommerfest_2019_20.jpg\" data-srcset=\"https:\/\/www.kitachinderwaelt.ch\/wp-content\/uploads\/2019\/09\/Kita-Chinderwaelt_Sommerfest_2019_20.jpg 1029w, https:\/\/www.kitachinderwaelt.ch\/wp-content\/uploads\/2019\/09\/Kita-Chinderwaelt_Sommerfest_2019_20-80x53.jpg 80w, https:\/\/www.kitachinderwaelt.ch\/wp-content\/uploads\/2019\/09\/Kita-Chinderwaelt_Sommerfest_2019_20-300x199.jpg 300w, https:\/\/www.kitachinderwaelt.ch\/wp-content\/uploads\/2019\/09\/Kita-Chinderwaelt_Sommerfest_2019_20-768x511.jpg 768w, https:\/\/www.kitachinderwaelt.ch\/wp-content\/uploads\/2019\/09\/Kita-Chinderwaelt_Sommerfest_2019_20-705x469.jpg 705w, https:\/\/www.kitachinderwaelt.ch\/wp-content\/uploads\/2019\/09\/Kita-Chinderwaelt_Sommerfest_2019_20-450x299.jpg 450w\" data-sizes=\"(max-width: 1029px) 100vw, 1029px\"  aria-label=\"image Kita-Chinderwaelt_Sommerfest_2019_20\"  id='av-masonry-1-item-2891' data-av-masonry-item='2891' class='av-masonry-entry isotope-item post-2891 attachment type-attachment status-inherit hentry  av-masonry-item-with-image' title=\"Kita-Chinderwaelt_Sommerfest_2019_20\" alt=\"\"    itemprop=\"thumbnailUrl\" ><div class='av-inner-masonry-sizer'><\/div><figure class='av-inner-masonry main_color'><div class=\"av-masonry-outerimage-container\"><div class='av-masonry-image-container'   ><img decoding=\"async\" width=\"705\" height=\"469\" class=\"wp-image-2891 avia-img-lazy-loading-not-2891\"  src=\"https:\/\/www.kitachinderwaelt.ch\/wp-content\/uploads\/2019\/09\/Kita-Chinderwaelt_Sommerfest_2019_20-705x469.jpg\" title=\"Kita-Chinderwaelt_Sommerfest_2019_20\" alt=\"\" srcset=\"https:\/\/www.kitachinderwaelt.ch\/wp-content\/uploads\/2019\/09\/Kita-Chinderwaelt_Sommerfest_2019_20-705x469.jpg 705w, https:\/\/www.kitachinderwaelt.ch\/wp-content\/uploads\/2019\/09\/Kita-Chinderwaelt_Sommerfest_2019_20-80x53.jpg 80w, https:\/\/www.kitachinderwaelt.ch\/wp-content\/uploads\/2019\/09\/Kita-Chinderwaelt_Sommerfest_2019_20-300x199.jpg 300w, https:\/\/www.kitachinderwaelt.ch\/wp-content\/uploads\/2019\/09\/Kita-Chinderwaelt_Sommerfest_2019_20-768x511.jpg 768w, https:\/\/www.kitachinderwaelt.ch\/wp-content\/uploads\/2019\/09\/Kita-Chinderwaelt_Sommerfest_2019_20-450x299.jpg 450w, https:\/\/www.kitachinderwaelt.ch\/wp-content\/uploads\/2019\/09\/Kita-Chinderwaelt_Sommerfest_2019_20.jpg 1029w\" sizes=\"(max-width: 705px) 100vw, 705px\" \/><\/div><\/div><\/figure><\/a><!--end av-masonry entry--><a href=\"https:\/\/www.kitachinderwaelt.ch\/wp-content\/uploads\/2019\/09\/Kita-Chinderwaelt_Sommerfest_2019_23.jpg\" data-srcset=\"https:\/\/www.kitachinderwaelt.ch\/wp-content\/uploads\/2019\/09\/Kita-Chinderwaelt_Sommerfest_2019_23.jpg 1029w, https:\/\/www.kitachinderwaelt.ch\/wp-content\/uploads\/2019\/09\/Kita-Chinderwaelt_Sommerfest_2019_23-80x53.jpg 80w, https:\/\/www.kitachinderwaelt.ch\/wp-content\/uploads\/2019\/09\/Kita-Chinderwaelt_Sommerfest_2019_23-300x199.jpg 300w, https:\/\/www.kitachinderwaelt.ch\/wp-content\/uploads\/2019\/09\/Kita-Chinderwaelt_Sommerfest_2019_23-768x511.jpg 768w, https:\/\/www.kitachinderwaelt.ch\/wp-content\/uploads\/2019\/09\/Kita-Chinderwaelt_Sommerfest_2019_23-705x469.jpg 705w, https:\/\/www.kitachinderwaelt.ch\/wp-content\/uploads\/2019\/09\/Kita-Chinderwaelt_Sommerfest_2019_23-450x299.jpg 450w\" data-sizes=\"(max-width: 1029px) 100vw, 1029px\"  aria-label=\"image Kita-Chinderwaelt_Sommerfest_2019_23\"  id='av-masonry-1-item-2890' data-av-masonry-item='2890' class='av-masonry-entry isotope-item post-2890 attachment type-attachment status-inherit hentry  av-masonry-item-with-image' title=\"Kita-Chinderwaelt_Sommerfest_2019_23\" alt=\"\"    itemprop=\"thumbnailUrl\" ><div class='av-inner-masonry-sizer'><\/div><figure class='av-inner-masonry main_color'><div class=\"av-masonry-outerimage-container\"><div class='av-masonry-image-container'   ><img decoding=\"async\" width=\"705\" height=\"469\" class=\"wp-image-2890 avia-img-lazy-loading-not-2890\"  src=\"https:\/\/www.kitachinderwaelt.ch\/wp-content\/uploads\/2019\/09\/Kita-Chinderwaelt_Sommerfest_2019_23-705x469.jpg\" title=\"Kita-Chinderwaelt_Sommerfest_2019_23\" alt=\"\" srcset=\"https:\/\/www.kitachinderwaelt.ch\/wp-content\/uploads\/2019\/09\/Kita-Chinderwaelt_Sommerfest_2019_23-705x469.jpg 705w, https:\/\/www.kitachinderwaelt.ch\/wp-content\/uploads\/2019\/09\/Kita-Chinderwaelt_Sommerfest_2019_23-80x53.jpg 80w, https:\/\/www.kitachinderwaelt.ch\/wp-content\/uploads\/2019\/09\/Kita-Chinderwaelt_Sommerfest_2019_23-300x199.jpg 300w, https:\/\/www.kitachinderwaelt.ch\/wp-content\/uploads\/2019\/09\/Kita-Chinderwaelt_Sommerfest_2019_23-768x511.jpg 768w, https:\/\/www.kitachinderwaelt.ch\/wp-content\/uploads\/2019\/09\/Kita-Chinderwaelt_Sommerfest_2019_23-450x299.jpg 450w, https:\/\/www.kitachinderwaelt.ch\/wp-content\/uploads\/2019\/09\/Kita-Chinderwaelt_Sommerfest_2019_23.jpg 1029w\" sizes=\"(max-width: 705px) 100vw, 705px\" \/><\/div><\/div><\/figure><\/a><!--end av-masonry entry--><a href=\"https:\/\/www.kitachinderwaelt.ch\/wp-content\/uploads\/2019\/09\/Kita-Chinderwaelt_Sommerfest_2019_22.jpg\" data-srcset=\"https:\/\/www.kitachinderwaelt.ch\/wp-content\/uploads\/2019\/09\/Kita-Chinderwaelt_Sommerfest_2019_22.jpg 1029w, https:\/\/www.kitachinderwaelt.ch\/wp-content\/uploads\/2019\/09\/Kita-Chinderwaelt_Sommerfest_2019_22-80x53.jpg 80w, https:\/\/www.kitachinderwaelt.ch\/wp-content\/uploads\/2019\/09\/Kita-Chinderwaelt_Sommerfest_2019_22-300x199.jpg 300w, https:\/\/www.kitachinderwaelt.ch\/wp-content\/uploads\/2019\/09\/Kita-Chinderwaelt_Sommerfest_2019_22-768x511.jpg 768w, https:\/\/www.kitachinderwaelt.ch\/wp-content\/uploads\/2019\/09\/Kita-Chinderwaelt_Sommerfest_2019_22-705x469.jpg 705w, https:\/\/www.kitachinderwaelt.ch\/wp-content\/uploads\/2019\/09\/Kita-Chinderwaelt_Sommerfest_2019_22-450x299.jpg 450w\" data-sizes=\"(max-width: 1029px) 100vw, 1029px\"  aria-label=\"image Kita-Chinderwaelt_Sommerfest_2019_22\"  id='av-masonry-1-item-2889' data-av-masonry-item='2889' class='av-masonry-entry isotope-item post-2889 attachment type-attachment status-inherit hentry  av-masonry-item-with-image' title=\"Kita-Chinderwaelt_Sommerfest_2019_22\" alt=\"\"    itemprop=\"thumbnailUrl\" ><div class='av-inner-masonry-sizer'><\/div><figure class='av-inner-masonry main_color'><div class=\"av-masonry-outerimage-container\"><div class='av-masonry-image-container'   ><img decoding=\"async\" width=\"705\" height=\"469\" class=\"wp-image-2889 avia-img-lazy-loading-not-2889\"  src=\"https:\/\/www.kitachinderwaelt.ch\/wp-content\/uploads\/2019\/09\/Kita-Chinderwaelt_Sommerfest_2019_22-705x469.jpg\" title=\"Kita-Chinderwaelt_Sommerfest_2019_22\" alt=\"\" srcset=\"https:\/\/www.kitachinderwaelt.ch\/wp-content\/uploads\/2019\/09\/Kita-Chinderwaelt_Sommerfest_2019_22-705x469.jpg 705w, https:\/\/www.kitachinderwaelt.ch\/wp-content\/uploads\/2019\/09\/Kita-Chinderwaelt_Sommerfest_2019_22-80x53.jpg 80w, https:\/\/www.kitachinderwaelt.ch\/wp-content\/uploads\/2019\/09\/Kita-Chinderwaelt_Sommerfest_2019_22-300x199.jpg 300w, https:\/\/www.kitachinderwaelt.ch\/wp-content\/uploads\/2019\/09\/Kita-Chinderwaelt_Sommerfest_2019_22-768x511.jpg 768w, https:\/\/www.kitachinderwaelt.ch\/wp-content\/uploads\/2019\/09\/Kita-Chinderwaelt_Sommerfest_2019_22-450x299.jpg 450w, https:\/\/www.kitachinderwaelt.ch\/wp-content\/uploads\/2019\/09\/Kita-Chinderwaelt_Sommerfest_2019_22.jpg 1029w\" sizes=\"(max-width: 705px) 100vw, 705px\" \/><\/div><\/div><\/figure><\/a><!--end av-masonry entry--><a href=\"https:\/\/www.kitachinderwaelt.ch\/wp-content\/uploads\/2019\/09\/Kita-Chinderwaelt_Sommerfest_2019_25.jpg\" data-srcset=\"https:\/\/www.kitachinderwaelt.ch\/wp-content\/uploads\/2019\/09\/Kita-Chinderwaelt_Sommerfest_2019_25.jpg 1029w, https:\/\/www.kitachinderwaelt.ch\/wp-content\/uploads\/2019\/09\/Kita-Chinderwaelt_Sommerfest_2019_25-80x53.jpg 80w, https:\/\/www.kitachinderwaelt.ch\/wp-content\/uploads\/2019\/09\/Kita-Chinderwaelt_Sommerfest_2019_25-300x199.jpg 300w, https:\/\/www.kitachinderwaelt.ch\/wp-content\/uploads\/2019\/09\/Kita-Chinderwaelt_Sommerfest_2019_25-768x511.jpg 768w, https:\/\/www.kitachinderwaelt.ch\/wp-content\/uploads\/2019\/09\/Kita-Chinderwaelt_Sommerfest_2019_25-705x469.jpg 705w, https:\/\/www.kitachinderwaelt.ch\/wp-content\/uploads\/2019\/09\/Kita-Chinderwaelt_Sommerfest_2019_25-450x299.jpg 450w\" data-sizes=\"(max-width: 1029px) 100vw, 1029px\"  aria-label=\"image Kita-Chinderwaelt_Sommerfest_2019_25\"  id='av-masonry-1-item-2888' data-av-masonry-item='2888' class='av-masonry-entry isotope-item post-2888 attachment type-attachment status-inherit hentry  av-masonry-item-with-image' title=\"Kita-Chinderwaelt_Sommerfest_2019_25\" alt=\"\"    itemprop=\"thumbnailUrl\" ><div class='av-inner-masonry-sizer'><\/div><figure class='av-inner-masonry main_color'><div class=\"av-masonry-outerimage-container\"><div class='av-masonry-image-container'   ><img decoding=\"async\" width=\"705\" height=\"469\" class=\"wp-image-2888 avia-img-lazy-loading-not-2888\"  src=\"https:\/\/www.kitachinderwaelt.ch\/wp-content\/uploads\/2019\/09\/Kita-Chinderwaelt_Sommerfest_2019_25-705x469.jpg\" title=\"Kita-Chinderwaelt_Sommerfest_2019_25\" alt=\"\" srcset=\"https:\/\/www.kitachinderwaelt.ch\/wp-content\/uploads\/2019\/09\/Kita-Chinderwaelt_Sommerfest_2019_25-705x469.jpg 705w, https:\/\/www.kitachinderwaelt.ch\/wp-content\/uploads\/2019\/09\/Kita-Chinderwaelt_Sommerfest_2019_25-80x53.jpg 80w, https:\/\/www.kitachinderwaelt.ch\/wp-content\/uploads\/2019\/09\/Kita-Chinderwaelt_Sommerfest_2019_25-300x199.jpg 300w, https:\/\/www.kitachinderwaelt.ch\/wp-content\/uploads\/2019\/09\/Kita-Chinderwaelt_Sommerfest_2019_25-768x511.jpg 768w, https:\/\/www.kitachinderwaelt.ch\/wp-content\/uploads\/2019\/09\/Kita-Chinderwaelt_Sommerfest_2019_25-450x299.jpg 450w, https:\/\/www.kitachinderwaelt.ch\/wp-content\/uploads\/2019\/09\/Kita-Chinderwaelt_Sommerfest_2019_25.jpg 1029w\" sizes=\"(max-width: 705px) 100vw, 705px\" \/><\/div><\/div><\/figure><\/a><!--end av-masonry entry--><a href=\"https:\/\/www.kitachinderwaelt.ch\/wp-content\/uploads\/2019\/09\/Kita-Chinderwaelt_Sommerfest_2019_24.jpg\" data-srcset=\"https:\/\/www.kitachinderwaelt.ch\/wp-content\/uploads\/2019\/09\/Kita-Chinderwaelt_Sommerfest_2019_24.jpg 1029w, https:\/\/www.kitachinderwaelt.ch\/wp-content\/uploads\/2019\/09\/Kita-Chinderwaelt_Sommerfest_2019_24-80x53.jpg 80w, https:\/\/www.kitachinderwaelt.ch\/wp-content\/uploads\/2019\/09\/Kita-Chinderwaelt_Sommerfest_2019_24-300x199.jpg 300w, https:\/\/www.kitachinderwaelt.ch\/wp-content\/uploads\/2019\/09\/Kita-Chinderwaelt_Sommerfest_2019_24-768x511.jpg 768w, https:\/\/www.kitachinderwaelt.ch\/wp-content\/uploads\/2019\/09\/Kita-Chinderwaelt_Sommerfest_2019_24-705x469.jpg 705w, https:\/\/www.kitachinderwaelt.ch\/wp-content\/uploads\/2019\/09\/Kita-Chinderwaelt_Sommerfest_2019_24-450x299.jpg 450w\" data-sizes=\"(max-width: 1029px) 100vw, 1029px\"  aria-label=\"image Kita-Chinderwaelt_Sommerfest_2019_24\"  id='av-masonry-1-item-2887' data-av-masonry-item='2887' class='av-masonry-entry isotope-item post-2887 attachment type-attachment status-inherit hentry  av-masonry-item-with-image' title=\"Kita-Chinderwaelt_Sommerfest_2019_24\" alt=\"\"    itemprop=\"thumbnailUrl\" ><div class='av-inner-masonry-sizer'><\/div><figure class='av-inner-masonry main_color'><div class=\"av-masonry-outerimage-container\"><div class='av-masonry-image-container'   ><img decoding=\"async\" width=\"705\" height=\"469\" class=\"wp-image-2887 avia-img-lazy-loading-not-2887\"  src=\"https:\/\/www.kitachinderwaelt.ch\/wp-content\/uploads\/2019\/09\/Kita-Chinderwaelt_Sommerfest_2019_24-705x469.jpg\" title=\"Kita-Chinderwaelt_Sommerfest_2019_24\" alt=\"\" srcset=\"https:\/\/www.kitachinderwaelt.ch\/wp-content\/uploads\/2019\/09\/Kita-Chinderwaelt_Sommerfest_2019_24-705x469.jpg 705w, https:\/\/www.kitachinderwaelt.ch\/wp-content\/uploads\/2019\/09\/Kita-Chinderwaelt_Sommerfest_2019_24-80x53.jpg 80w, https:\/\/www.kitachinderwaelt.ch\/wp-content\/uploads\/2019\/09\/Kita-Chinderwaelt_Sommerfest_2019_24-300x199.jpg 300w, https:\/\/www.kitachinderwaelt.ch\/wp-content\/uploads\/2019\/09\/Kita-Chinderwaelt_Sommerfest_2019_24-768x511.jpg 768w, https:\/\/www.kitachinderwaelt.ch\/wp-content\/uploads\/2019\/09\/Kita-Chinderwaelt_Sommerfest_2019_24-450x299.jpg 450w, https:\/\/www.kitachinderwaelt.ch\/wp-content\/uploads\/2019\/09\/Kita-Chinderwaelt_Sommerfest_2019_24.jpg 1029w\" sizes=\"(max-width: 705px) 100vw, 705px\" \/><\/div><\/div><\/figure><\/a><!--end av-masonry entry--><a href=\"https:\/\/www.kitachinderwaelt.ch\/wp-content\/uploads\/2019\/09\/Kita-Chinderwaelt_Sommerfest_2019_27.jpg\" data-srcset=\"https:\/\/www.kitachinderwaelt.ch\/wp-content\/uploads\/2019\/09\/Kita-Chinderwaelt_Sommerfest_2019_27.jpg 1029w, https:\/\/www.kitachinderwaelt.ch\/wp-content\/uploads\/2019\/09\/Kita-Chinderwaelt_Sommerfest_2019_27-80x53.jpg 80w, https:\/\/www.kitachinderwaelt.ch\/wp-content\/uploads\/2019\/09\/Kita-Chinderwaelt_Sommerfest_2019_27-300x199.jpg 300w, https:\/\/www.kitachinderwaelt.ch\/wp-content\/uploads\/2019\/09\/Kita-Chinderwaelt_Sommerfest_2019_27-768x511.jpg 768w, https:\/\/www.kitachinderwaelt.ch\/wp-content\/uploads\/2019\/09\/Kita-Chinderwaelt_Sommerfest_2019_27-705x469.jpg 705w, https:\/\/www.kitachinderwaelt.ch\/wp-content\/uploads\/2019\/09\/Kita-Chinderwaelt_Sommerfest_2019_27-450x299.jpg 450w\" data-sizes=\"(max-width: 1029px) 100vw, 1029px\"  aria-label=\"image Kita-Chinderwaelt_Sommerfest_2019_27\"  id='av-masonry-1-item-2886' data-av-masonry-item='2886' class='av-masonry-entry isotope-item post-2886 attachment type-attachment status-inherit hentry  av-masonry-item-with-image' title=\"Kita-Chinderwaelt_Sommerfest_2019_27\" alt=\"\"    itemprop=\"thumbnailUrl\" ><div class='av-inner-masonry-sizer'><\/div><figure class='av-inner-masonry main_color'><div class=\"av-masonry-outerimage-container\"><div class='av-masonry-image-container'   ><img decoding=\"async\" width=\"705\" height=\"469\" class=\"wp-image-2886 avia-img-lazy-loading-not-2886\"  src=\"https:\/\/www.kitachinderwaelt.ch\/wp-content\/uploads\/2019\/09\/Kita-Chinderwaelt_Sommerfest_2019_27-705x469.jpg\" title=\"Kita-Chinderwaelt_Sommerfest_2019_27\" alt=\"\" srcset=\"https:\/\/www.kitachinderwaelt.ch\/wp-content\/uploads\/2019\/09\/Kita-Chinderwaelt_Sommerfest_2019_27-705x469.jpg 705w, https:\/\/www.kitachinderwaelt.ch\/wp-content\/uploads\/2019\/09\/Kita-Chinderwaelt_Sommerfest_2019_27-80x53.jpg 80w, https:\/\/www.kitachinderwaelt.ch\/wp-content\/uploads\/2019\/09\/Kita-Chinderwaelt_Sommerfest_2019_27-300x199.jpg 300w, https:\/\/www.kitachinderwaelt.ch\/wp-content\/uploads\/2019\/09\/Kita-Chinderwaelt_Sommerfest_2019_27-768x511.jpg 768w, https:\/\/www.kitachinderwaelt.ch\/wp-content\/uploads\/2019\/09\/Kita-Chinderwaelt_Sommerfest_2019_27-450x299.jpg 450w, https:\/\/www.kitachinderwaelt.ch\/wp-content\/uploads\/2019\/09\/Kita-Chinderwaelt_Sommerfest_2019_27.jpg 1029w\" sizes=\"(max-width: 705px) 100vw, 705px\" \/><\/div><\/div><\/figure><\/a><!--end av-masonry entry--><a href=\"https:\/\/www.kitachinderwaelt.ch\/wp-content\/uploads\/2019\/09\/Kita-Chinderwaelt_Sommerfest_2019_26.jpg\" data-srcset=\"https:\/\/www.kitachinderwaelt.ch\/wp-content\/uploads\/2019\/09\/Kita-Chinderwaelt_Sommerfest_2019_26.jpg 1029w, https:\/\/www.kitachinderwaelt.ch\/wp-content\/uploads\/2019\/09\/Kita-Chinderwaelt_Sommerfest_2019_26-80x53.jpg 80w, https:\/\/www.kitachinderwaelt.ch\/wp-content\/uploads\/2019\/09\/Kita-Chinderwaelt_Sommerfest_2019_26-300x199.jpg 300w, https:\/\/www.kitachinderwaelt.ch\/wp-content\/uploads\/2019\/09\/Kita-Chinderwaelt_Sommerfest_2019_26-768x511.jpg 768w, https:\/\/www.kitachinderwaelt.ch\/wp-content\/uploads\/2019\/09\/Kita-Chinderwaelt_Sommerfest_2019_26-705x469.jpg 705w, https:\/\/www.kitachinderwaelt.ch\/wp-content\/uploads\/2019\/09\/Kita-Chinderwaelt_Sommerfest_2019_26-450x299.jpg 450w\" data-sizes=\"(max-width: 1029px) 100vw, 1029px\"  aria-label=\"image Kita-Chinderwaelt_Sommerfest_2019_26\"  id='av-masonry-1-item-2885' data-av-masonry-item='2885' class='av-masonry-entry isotope-item post-2885 attachment type-attachment status-inherit hentry  av-masonry-item-with-image' title=\"Kita-Chinderwaelt_Sommerfest_2019_26\" alt=\"\"    itemprop=\"thumbnailUrl\" ><div class='av-inner-masonry-sizer'><\/div><figure class='av-inner-masonry main_color'><div class=\"av-masonry-outerimage-container\"><div class='av-masonry-image-container'   ><img decoding=\"async\" width=\"705\" height=\"469\" class=\"wp-image-2885 avia-img-lazy-loading-not-2885\"  src=\"https:\/\/www.kitachinderwaelt.ch\/wp-content\/uploads\/2019\/09\/Kita-Chinderwaelt_Sommerfest_2019_26-705x469.jpg\" title=\"Kita-Chinderwaelt_Sommerfest_2019_26\" alt=\"\" srcset=\"https:\/\/www.kitachinderwaelt.ch\/wp-content\/uploads\/2019\/09\/Kita-Chinderwaelt_Sommerfest_2019_26-705x469.jpg 705w, https:\/\/www.kitachinderwaelt.ch\/wp-content\/uploads\/2019\/09\/Kita-Chinderwaelt_Sommerfest_2019_26-80x53.jpg 80w, https:\/\/www.kitachinderwaelt.ch\/wp-content\/uploads\/2019\/09\/Kita-Chinderwaelt_Sommerfest_2019_26-300x199.jpg 300w, https:\/\/www.kitachinderwaelt.ch\/wp-content\/uploads\/2019\/09\/Kita-Chinderwaelt_Sommerfest_2019_26-768x511.jpg 768w, https:\/\/www.kitachinderwaelt.ch\/wp-content\/uploads\/2019\/09\/Kita-Chinderwaelt_Sommerfest_2019_26-450x299.jpg 450w, https:\/\/www.kitachinderwaelt.ch\/wp-content\/uploads\/2019\/09\/Kita-Chinderwaelt_Sommerfest_2019_26.jpg 1029w\" sizes=\"(max-width: 705px) 100vw, 705px\" \/><\/div><\/div><\/figure><\/a><!--end av-masonry entry--><a href=\"https:\/\/www.kitachinderwaelt.ch\/wp-content\/uploads\/2019\/09\/Kita-Chinderwaelt_Sommerfest_2019_28.jpg\" data-srcset=\"https:\/\/www.kitachinderwaelt.ch\/wp-content\/uploads\/2019\/09\/Kita-Chinderwaelt_Sommerfest_2019_28.jpg 1029w, https:\/\/www.kitachinderwaelt.ch\/wp-content\/uploads\/2019\/09\/Kita-Chinderwaelt_Sommerfest_2019_28-80x53.jpg 80w, https:\/\/www.kitachinderwaelt.ch\/wp-content\/uploads\/2019\/09\/Kita-Chinderwaelt_Sommerfest_2019_28-300x199.jpg 300w, https:\/\/www.kitachinderwaelt.ch\/wp-content\/uploads\/2019\/09\/Kita-Chinderwaelt_Sommerfest_2019_28-768x511.jpg 768w, https:\/\/www.kitachinderwaelt.ch\/wp-content\/uploads\/2019\/09\/Kita-Chinderwaelt_Sommerfest_2019_28-705x469.jpg 705w, https:\/\/www.kitachinderwaelt.ch\/wp-content\/uploads\/2019\/09\/Kita-Chinderwaelt_Sommerfest_2019_28-450x299.jpg 450w\" data-sizes=\"(max-width: 1029px) 100vw, 1029px\"  aria-label=\"image Kita-Chinderwaelt_Sommerfest_2019_28\"  id='av-masonry-1-item-2884' data-av-masonry-item='2884' class='av-masonry-entry isotope-item post-2884 attachment type-attachment status-inherit hentry  av-masonry-item-with-image' title=\"Kita-Chinderwaelt_Sommerfest_2019_28\" alt=\"\"    itemprop=\"thumbnailUrl\" ><div class='av-inner-masonry-sizer'><\/div><figure class='av-inner-masonry main_color'><div class=\"av-masonry-outerimage-container\"><div class='av-masonry-image-container'   ><img decoding=\"async\" width=\"705\" height=\"469\" class=\"wp-image-2884 avia-img-lazy-loading-not-2884\"  src=\"https:\/\/www.kitachinderwaelt.ch\/wp-content\/uploads\/2019\/09\/Kita-Chinderwaelt_Sommerfest_2019_28-705x469.jpg\" title=\"Kita-Chinderwaelt_Sommerfest_2019_28\" alt=\"\" srcset=\"https:\/\/www.kitachinderwaelt.ch\/wp-content\/uploads\/2019\/09\/Kita-Chinderwaelt_Sommerfest_2019_28-705x469.jpg 705w, https:\/\/www.kitachinderwaelt.ch\/wp-content\/uploads\/2019\/09\/Kita-Chinderwaelt_Sommerfest_2019_28-80x53.jpg 80w, https:\/\/www.kitachinderwaelt.ch\/wp-content\/uploads\/2019\/09\/Kita-Chinderwaelt_Sommerfest_2019_28-300x199.jpg 300w, https:\/\/www.kitachinderwaelt.ch\/wp-content\/uploads\/2019\/09\/Kita-Chinderwaelt_Sommerfest_2019_28-768x511.jpg 768w, https:\/\/www.kitachinderwaelt.ch\/wp-content\/uploads\/2019\/09\/Kita-Chinderwaelt_Sommerfest_2019_28-450x299.jpg 450w, https:\/\/www.kitachinderwaelt.ch\/wp-content\/uploads\/2019\/09\/Kita-Chinderwaelt_Sommerfest_2019_28.jpg 1029w\" sizes=\"(max-width: 705px) 100vw, 705px\" \/><\/div><\/div><\/figure><\/a><!--end av-masonry entry--><a href=\"https:\/\/www.kitachinderwaelt.ch\/wp-content\/uploads\/2019\/09\/Kita-Chinderwaelt_Sommerfest_2019_30-474x1030.jpg\" data-srcset=\"https:\/\/www.kitachinderwaelt.ch\/wp-content\/uploads\/2019\/09\/Kita-Chinderwaelt_Sommerfest_2019_30-474x1030.jpg 474w, https:\/\/www.kitachinderwaelt.ch\/wp-content\/uploads\/2019\/09\/Kita-Chinderwaelt_Sommerfest_2019_30-37x80.jpg 37w, https:\/\/www.kitachinderwaelt.ch\/wp-content\/uploads\/2019\/09\/Kita-Chinderwaelt_Sommerfest_2019_30-138x300.jpg 138w, https:\/\/www.kitachinderwaelt.ch\/wp-content\/uploads\/2019\/09\/Kita-Chinderwaelt_Sommerfest_2019_30-768x1668.jpg 768w, https:\/\/www.kitachinderwaelt.ch\/wp-content\/uploads\/2019\/09\/Kita-Chinderwaelt_Sommerfest_2019_30-691x1500.jpg 691w, https:\/\/www.kitachinderwaelt.ch\/wp-content\/uploads\/2019\/09\/Kita-Chinderwaelt_Sommerfest_2019_30-325x705.jpg 325w, https:\/\/www.kitachinderwaelt.ch\/wp-content\/uploads\/2019\/09\/Kita-Chinderwaelt_Sommerfest_2019_30-450x977.jpg 450w, https:\/\/www.kitachinderwaelt.ch\/wp-content\/uploads\/2019\/09\/Kita-Chinderwaelt_Sommerfest_2019_30.jpg 1680w\" data-sizes=\"(max-width: 474px) 100vw, 474px\"  aria-label=\"image Kita-Chinderwaelt_Sommerfest_2019_30\"  id='av-masonry-1-item-2883' data-av-masonry-item='2883' class='av-masonry-entry isotope-item post-2883 attachment type-attachment status-inherit hentry  av-masonry-item-with-image' title=\"Kita-Chinderwaelt_Sommerfest_2019_30\" alt=\"\"    itemprop=\"thumbnailUrl\" ><div class='av-inner-masonry-sizer'><\/div><figure class='av-inner-masonry main_color'><div class=\"av-masonry-outerimage-container\"><div class='av-masonry-image-container'   ><img decoding=\"async\" width=\"325\" height=\"705\" class=\"wp-image-2883 avia-img-lazy-loading-not-2883\"  src=\"https:\/\/www.kitachinderwaelt.ch\/wp-content\/uploads\/2019\/09\/Kita-Chinderwaelt_Sommerfest_2019_30-325x705.jpg\" title=\"Kita-Chinderwaelt_Sommerfest_2019_30\" alt=\"\" srcset=\"https:\/\/www.kitachinderwaelt.ch\/wp-content\/uploads\/2019\/09\/Kita-Chinderwaelt_Sommerfest_2019_30-325x705.jpg 325w, https:\/\/www.kitachinderwaelt.ch\/wp-content\/uploads\/2019\/09\/Kita-Chinderwaelt_Sommerfest_2019_30-37x80.jpg 37w, https:\/\/www.kitachinderwaelt.ch\/wp-content\/uploads\/2019\/09\/Kita-Chinderwaelt_Sommerfest_2019_30-138x300.jpg 138w, https:\/\/www.kitachinderwaelt.ch\/wp-content\/uploads\/2019\/09\/Kita-Chinderwaelt_Sommerfest_2019_30-768x1668.jpg 768w, https:\/\/www.kitachinderwaelt.ch\/wp-content\/uploads\/2019\/09\/Kita-Chinderwaelt_Sommerfest_2019_30-474x1030.jpg 474w, https:\/\/www.kitachinderwaelt.ch\/wp-content\/uploads\/2019\/09\/Kita-Chinderwaelt_Sommerfest_2019_30-691x1500.jpg 691w, https:\/\/www.kitachinderwaelt.ch\/wp-content\/uploads\/2019\/09\/Kita-Chinderwaelt_Sommerfest_2019_30-450x977.jpg 450w, https:\/\/www.kitachinderwaelt.ch\/wp-content\/uploads\/2019\/09\/Kita-Chinderwaelt_Sommerfest_2019_30.jpg 1680w\" sizes=\"(max-width: 325px) 100vw, 325px\" \/><\/div><\/div><\/figure><\/a><!--end av-masonry entry--><a href=\"https:\/\/www.kitachinderwaelt.ch\/wp-content\/uploads\/2019\/09\/Kita-Chinderwaelt_Sommerfest_2019_29.jpg\" data-srcset=\"https:\/\/www.kitachinderwaelt.ch\/wp-content\/uploads\/2019\/09\/Kita-Chinderwaelt_Sommerfest_2019_29.jpg 1029w, https:\/\/www.kitachinderwaelt.ch\/wp-content\/uploads\/2019\/09\/Kita-Chinderwaelt_Sommerfest_2019_29-80x53.jpg 80w, https:\/\/www.kitachinderwaelt.ch\/wp-content\/uploads\/2019\/09\/Kita-Chinderwaelt_Sommerfest_2019_29-300x199.jpg 300w, https:\/\/www.kitachinderwaelt.ch\/wp-content\/uploads\/2019\/09\/Kita-Chinderwaelt_Sommerfest_2019_29-768x511.jpg 768w, https:\/\/www.kitachinderwaelt.ch\/wp-content\/uploads\/2019\/09\/Kita-Chinderwaelt_Sommerfest_2019_29-705x469.jpg 705w, https:\/\/www.kitachinderwaelt.ch\/wp-content\/uploads\/2019\/09\/Kita-Chinderwaelt_Sommerfest_2019_29-450x299.jpg 450w\" data-sizes=\"(max-width: 1029px) 100vw, 1029px\"  aria-label=\"image Kita-Chinderwaelt_Sommerfest_2019_29\"  id='av-masonry-1-item-2882' data-av-masonry-item='2882' class='av-masonry-entry isotope-item post-2882 attachment type-attachment status-inherit hentry  av-masonry-item-with-image' title=\"Kita-Chinderwaelt_Sommerfest_2019_29\" alt=\"\"    itemprop=\"thumbnailUrl\" ><div class='av-inner-masonry-sizer'><\/div><figure class='av-inner-masonry main_color'><div class=\"av-masonry-outerimage-container\"><div class='av-masonry-image-container'   ><img decoding=\"async\" width=\"705\" height=\"469\" class=\"wp-image-2882 avia-img-lazy-loading-not-2882\"  src=\"https:\/\/www.kitachinderwaelt.ch\/wp-content\/uploads\/2019\/09\/Kita-Chinderwaelt_Sommerfest_2019_29-705x469.jpg\" title=\"Kita-Chinderwaelt_Sommerfest_2019_29\" alt=\"\" srcset=\"https:\/\/www.kitachinderwaelt.ch\/wp-content\/uploads\/2019\/09\/Kita-Chinderwaelt_Sommerfest_2019_29-705x469.jpg 705w, https:\/\/www.kitachinderwaelt.ch\/wp-content\/uploads\/2019\/09\/Kita-Chinderwaelt_Sommerfest_2019_29-80x53.jpg 80w, https:\/\/www.kitachinderwaelt.ch\/wp-content\/uploads\/2019\/09\/Kita-Chinderwaelt_Sommerfest_2019_29-300x199.jpg 300w, https:\/\/www.kitachinderwaelt.ch\/wp-content\/uploads\/2019\/09\/Kita-Chinderwaelt_Sommerfest_2019_29-768x511.jpg 768w, https:\/\/www.kitachinderwaelt.ch\/wp-content\/uploads\/2019\/09\/Kita-Chinderwaelt_Sommerfest_2019_29-450x299.jpg 450w, https:\/\/www.kitachinderwaelt.ch\/wp-content\/uploads\/2019\/09\/Kita-Chinderwaelt_Sommerfest_2019_29.jpg 1029w\" sizes=\"(max-width: 705px) 100vw, 705px\" \/><\/div><\/div><\/figure><\/a><!--end av-masonry entry--><a href=\"https:\/\/www.kitachinderwaelt.ch\/wp-content\/uploads\/2019\/09\/Kita-Chinderwaelt_Sommerfest_2019_3.jpg\" data-srcset=\"https:\/\/www.kitachinderwaelt.ch\/wp-content\/uploads\/2019\/09\/Kita-Chinderwaelt_Sommerfest_2019_3.jpg 1029w, https:\/\/www.kitachinderwaelt.ch\/wp-content\/uploads\/2019\/09\/Kita-Chinderwaelt_Sommerfest_2019_3-80x53.jpg 80w, https:\/\/www.kitachinderwaelt.ch\/wp-content\/uploads\/2019\/09\/Kita-Chinderwaelt_Sommerfest_2019_3-300x199.jpg 300w, https:\/\/www.kitachinderwaelt.ch\/wp-content\/uploads\/2019\/09\/Kita-Chinderwaelt_Sommerfest_2019_3-768x511.jpg 768w, https:\/\/www.kitachinderwaelt.ch\/wp-content\/uploads\/2019\/09\/Kita-Chinderwaelt_Sommerfest_2019_3-705x469.jpg 705w, https:\/\/www.kitachinderwaelt.ch\/wp-content\/uploads\/2019\/09\/Kita-Chinderwaelt_Sommerfest_2019_3-450x299.jpg 450w\" data-sizes=\"(max-width: 1029px) 100vw, 1029px\"  aria-label=\"image Kita-Chinderwaelt_Sommerfest_2019_3\"  id='av-masonry-1-item-2881' data-av-masonry-item='2881' class='av-masonry-entry isotope-item post-2881 attachment type-attachment status-inherit hentry  av-masonry-item-with-image' title=\"Kita-Chinderwaelt_Sommerfest_2019_3\" alt=\"\"    itemprop=\"thumbnailUrl\" ><div class='av-inner-masonry-sizer'><\/div><figure class='av-inner-masonry main_color'><div class=\"av-masonry-outerimage-container\"><div class='av-masonry-image-container'   ><img decoding=\"async\" width=\"705\" height=\"469\" class=\"wp-image-2881 avia-img-lazy-loading-not-2881\"  src=\"https:\/\/www.kitachinderwaelt.ch\/wp-content\/uploads\/2019\/09\/Kita-Chinderwaelt_Sommerfest_2019_3-705x469.jpg\" title=\"Kita-Chinderwaelt_Sommerfest_2019_3\" alt=\"\" srcset=\"https:\/\/www.kitachinderwaelt.ch\/wp-content\/uploads\/2019\/09\/Kita-Chinderwaelt_Sommerfest_2019_3-705x469.jpg 705w, https:\/\/www.kitachinderwaelt.ch\/wp-content\/uploads\/2019\/09\/Kita-Chinderwaelt_Sommerfest_2019_3-80x53.jpg 80w, https:\/\/www.kitachinderwaelt.ch\/wp-content\/uploads\/2019\/09\/Kita-Chinderwaelt_Sommerfest_2019_3-300x199.jpg 300w, https:\/\/www.kitachinderwaelt.ch\/wp-content\/uploads\/2019\/09\/Kita-Chinderwaelt_Sommerfest_2019_3-768x511.jpg 768w, https:\/\/www.kitachinderwaelt.ch\/wp-content\/uploads\/2019\/09\/Kita-Chinderwaelt_Sommerfest_2019_3-450x299.jpg 450w, https:\/\/www.kitachinderwaelt.ch\/wp-content\/uploads\/2019\/09\/Kita-Chinderwaelt_Sommerfest_2019_3.jpg 1029w\" sizes=\"(max-width: 705px) 100vw, 705px\" \/><\/div><\/div><\/figure><\/a><!--end av-masonry entry--><a href=\"https:\/\/www.kitachinderwaelt.ch\/wp-content\/uploads\/2019\/09\/Kita-Chinderwaelt_Sommerfest_2019_31-474x1030.jpg\" data-srcset=\"https:\/\/www.kitachinderwaelt.ch\/wp-content\/uploads\/2019\/09\/Kita-Chinderwaelt_Sommerfest_2019_31-474x1030.jpg 474w, https:\/\/www.kitachinderwaelt.ch\/wp-content\/uploads\/2019\/09\/Kita-Chinderwaelt_Sommerfest_2019_31-37x80.jpg 37w, https:\/\/www.kitachinderwaelt.ch\/wp-content\/uploads\/2019\/09\/Kita-Chinderwaelt_Sommerfest_2019_31-138x300.jpg 138w, https:\/\/www.kitachinderwaelt.ch\/wp-content\/uploads\/2019\/09\/Kita-Chinderwaelt_Sommerfest_2019_31-768x1668.jpg 768w, https:\/\/www.kitachinderwaelt.ch\/wp-content\/uploads\/2019\/09\/Kita-Chinderwaelt_Sommerfest_2019_31-691x1500.jpg 691w, https:\/\/www.kitachinderwaelt.ch\/wp-content\/uploads\/2019\/09\/Kita-Chinderwaelt_Sommerfest_2019_31-325x705.jpg 325w, https:\/\/www.kitachinderwaelt.ch\/wp-content\/uploads\/2019\/09\/Kita-Chinderwaelt_Sommerfest_2019_31-450x977.jpg 450w, https:\/\/www.kitachinderwaelt.ch\/wp-content\/uploads\/2019\/09\/Kita-Chinderwaelt_Sommerfest_2019_31.jpg 1680w\" data-sizes=\"(max-width: 474px) 100vw, 474px\"  aria-label=\"image Kita-Chinderwaelt_Sommerfest_2019_31\"  id='av-masonry-1-item-2879' data-av-masonry-item='2879' class='av-masonry-entry isotope-item post-2879 attachment type-attachment status-inherit hentry  av-masonry-item-with-image' title=\"Kita-Chinderwaelt_Sommerfest_2019_31\" alt=\"\"    itemprop=\"thumbnailUrl\" ><div class='av-inner-masonry-sizer'><\/div><figure class='av-inner-masonry main_color'><div class=\"av-masonry-outerimage-container\"><div class='av-masonry-image-container'   ><img decoding=\"async\" width=\"325\" height=\"705\" class=\"wp-image-2879 avia-img-lazy-loading-not-2879\"  src=\"https:\/\/www.kitachinderwaelt.ch\/wp-content\/uploads\/2019\/09\/Kita-Chinderwaelt_Sommerfest_2019_31-325x705.jpg\" title=\"Kita-Chinderwaelt_Sommerfest_2019_31\" alt=\"\" srcset=\"https:\/\/www.kitachinderwaelt.ch\/wp-content\/uploads\/2019\/09\/Kita-Chinderwaelt_Sommerfest_2019_31-325x705.jpg 325w, https:\/\/www.kitachinderwaelt.ch\/wp-content\/uploads\/2019\/09\/Kita-Chinderwaelt_Sommerfest_2019_31-37x80.jpg 37w, https:\/\/www.kitachinderwaelt.ch\/wp-content\/uploads\/2019\/09\/Kita-Chinderwaelt_Sommerfest_2019_31-138x300.jpg 138w, https:\/\/www.kitachinderwaelt.ch\/wp-content\/uploads\/2019\/09\/Kita-Chinderwaelt_Sommerfest_2019_31-768x1668.jpg 768w, https:\/\/www.kitachinderwaelt.ch\/wp-content\/uploads\/2019\/09\/Kita-Chinderwaelt_Sommerfest_2019_31-474x1030.jpg 474w, https:\/\/www.kitachinderwaelt.ch\/wp-content\/uploads\/2019\/09\/Kita-Chinderwaelt_Sommerfest_2019_31-691x1500.jpg 691w, https:\/\/www.kitachinderwaelt.ch\/wp-content\/uploads\/2019\/09\/Kita-Chinderwaelt_Sommerfest_2019_31-450x977.jpg 450w, https:\/\/www.kitachinderwaelt.ch\/wp-content\/uploads\/2019\/09\/Kita-Chinderwaelt_Sommerfest_2019_31.jpg 1680w\" sizes=\"(max-width: 325px) 100vw, 325px\" \/><\/div><\/div><\/figure><\/a><!--end av-masonry entry--><a href=\"https:\/\/www.kitachinderwaelt.ch\/wp-content\/uploads\/2019\/09\/Kita-Chinderwaelt_Sommerfest_2019_35-716x1030.jpg\" data-srcset=\"https:\/\/www.kitachinderwaelt.ch\/wp-content\/uploads\/2019\/09\/Kita-Chinderwaelt_Sommerfest_2019_35-716x1030.jpg 716w, https:\/\/www.kitachinderwaelt.ch\/wp-content\/uploads\/2019\/09\/Kita-Chinderwaelt_Sommerfest_2019_35-56x80.jpg 56w, https:\/\/www.kitachinderwaelt.ch\/wp-content\/uploads\/2019\/09\/Kita-Chinderwaelt_Sommerfest_2019_35-209x300.jpg 209w, https:\/\/www.kitachinderwaelt.ch\/wp-content\/uploads\/2019\/09\/Kita-Chinderwaelt_Sommerfest_2019_35-768x1104.jpg 768w, https:\/\/www.kitachinderwaelt.ch\/wp-content\/uploads\/2019\/09\/Kita-Chinderwaelt_Sommerfest_2019_35-1043x1500.jpg 1043w, https:\/\/www.kitachinderwaelt.ch\/wp-content\/uploads\/2019\/09\/Kita-Chinderwaelt_Sommerfest_2019_35-490x705.jpg 490w, https:\/\/www.kitachinderwaelt.ch\/wp-content\/uploads\/2019\/09\/Kita-Chinderwaelt_Sommerfest_2019_35-450x647.jpg 450w, https:\/\/www.kitachinderwaelt.ch\/wp-content\/uploads\/2019\/09\/Kita-Chinderwaelt_Sommerfest_2019_35.jpg 1653w\" data-sizes=\"(max-width: 716px) 100vw, 716px\"  aria-label=\"image Kita-Chinderwaelt_Sommerfest_2019_35\"  id='av-masonry-1-item-2878' data-av-masonry-item='2878' class='av-masonry-entry isotope-item post-2878 attachment type-attachment status-inherit hentry  av-masonry-item-with-image' title=\"Kita-Chinderwaelt_Sommerfest_2019_35\" alt=\"\"    itemprop=\"thumbnailUrl\" ><div class='av-inner-masonry-sizer'><\/div><figure class='av-inner-masonry main_color'><div class=\"av-masonry-outerimage-container\"><div class='av-masonry-image-container'   ><img decoding=\"async\" width=\"490\" height=\"705\" class=\"wp-image-2878 avia-img-lazy-loading-not-2878\"  src=\"https:\/\/www.kitachinderwaelt.ch\/wp-content\/uploads\/2019\/09\/Kita-Chinderwaelt_Sommerfest_2019_35-490x705.jpg\" title=\"Kita-Chinderwaelt_Sommerfest_2019_35\" alt=\"\" srcset=\"https:\/\/www.kitachinderwaelt.ch\/wp-content\/uploads\/2019\/09\/Kita-Chinderwaelt_Sommerfest_2019_35-490x705.jpg 490w, https:\/\/www.kitachinderwaelt.ch\/wp-content\/uploads\/2019\/09\/Kita-Chinderwaelt_Sommerfest_2019_35-56x80.jpg 56w, https:\/\/www.kitachinderwaelt.ch\/wp-content\/uploads\/2019\/09\/Kita-Chinderwaelt_Sommerfest_2019_35-209x300.jpg 209w, https:\/\/www.kitachinderwaelt.ch\/wp-content\/uploads\/2019\/09\/Kita-Chinderwaelt_Sommerfest_2019_35-768x1104.jpg 768w, https:\/\/www.kitachinderwaelt.ch\/wp-content\/uploads\/2019\/09\/Kita-Chinderwaelt_Sommerfest_2019_35-716x1030.jpg 716w, https:\/\/www.kitachinderwaelt.ch\/wp-content\/uploads\/2019\/09\/Kita-Chinderwaelt_Sommerfest_2019_35-1043x1500.jpg 1043w, https:\/\/www.kitachinderwaelt.ch\/wp-content\/uploads\/2019\/09\/Kita-Chinderwaelt_Sommerfest_2019_35-450x647.jpg 450w, https:\/\/www.kitachinderwaelt.ch\/wp-content\/uploads\/2019\/09\/Kita-Chinderwaelt_Sommerfest_2019_35.jpg 1653w\" sizes=\"(max-width: 490px) 100vw, 490px\" \/><\/div><\/div><\/figure><\/a><!--end av-masonry entry--><a href=\"https:\/\/www.kitachinderwaelt.ch\/wp-content\/uploads\/2019\/09\/Kita-Chinderwaelt_Sommerfest_2019_34-1030x474.jpg\" data-srcset=\"https:\/\/www.kitachinderwaelt.ch\/wp-content\/uploads\/2019\/09\/Kita-Chinderwaelt_Sommerfest_2019_34-1030x474.jpg 1030w, https:\/\/www.kitachinderwaelt.ch\/wp-content\/uploads\/2019\/09\/Kita-Chinderwaelt_Sommerfest_2019_34-80x37.jpg 80w, https:\/\/www.kitachinderwaelt.ch\/wp-content\/uploads\/2019\/09\/Kita-Chinderwaelt_Sommerfest_2019_34-300x138.jpg 300w, https:\/\/www.kitachinderwaelt.ch\/wp-content\/uploads\/2019\/09\/Kita-Chinderwaelt_Sommerfest_2019_34-768x354.jpg 768w, https:\/\/www.kitachinderwaelt.ch\/wp-content\/uploads\/2019\/09\/Kita-Chinderwaelt_Sommerfest_2019_34-1500x691.jpg 1500w, https:\/\/www.kitachinderwaelt.ch\/wp-content\/uploads\/2019\/09\/Kita-Chinderwaelt_Sommerfest_2019_34-705x325.jpg 705w, https:\/\/www.kitachinderwaelt.ch\/wp-content\/uploads\/2019\/09\/Kita-Chinderwaelt_Sommerfest_2019_34-450x207.jpg 450w\" data-sizes=\"(max-width: 1030px) 100vw, 1030px\"  aria-label=\"image Kita-Chinderwaelt_Sommerfest_2019_34\"  id='av-masonry-1-item-2877' data-av-masonry-item='2877' class='av-masonry-entry isotope-item post-2877 attachment type-attachment status-inherit hentry  av-masonry-item-with-image' title=\"Kita-Chinderwaelt_Sommerfest_2019_34\" alt=\"\"    itemprop=\"thumbnailUrl\" ><div class='av-inner-masonry-sizer'><\/div><figure class='av-inner-masonry main_color'><div class=\"av-masonry-outerimage-container\"><div class='av-masonry-image-container'   ><img decoding=\"async\" width=\"705\" height=\"325\" class=\"wp-image-2877 avia-img-lazy-loading-not-2877\"  src=\"https:\/\/www.kitachinderwaelt.ch\/wp-content\/uploads\/2019\/09\/Kita-Chinderwaelt_Sommerfest_2019_34-705x325.jpg\" title=\"Kita-Chinderwaelt_Sommerfest_2019_34\" alt=\"\" srcset=\"https:\/\/www.kitachinderwaelt.ch\/wp-content\/uploads\/2019\/09\/Kita-Chinderwaelt_Sommerfest_2019_34-705x325.jpg 705w, https:\/\/www.kitachinderwaelt.ch\/wp-content\/uploads\/2019\/09\/Kita-Chinderwaelt_Sommerfest_2019_34-80x37.jpg 80w, https:\/\/www.kitachinderwaelt.ch\/wp-content\/uploads\/2019\/09\/Kita-Chinderwaelt_Sommerfest_2019_34-300x138.jpg 300w, https:\/\/www.kitachinderwaelt.ch\/wp-content\/uploads\/2019\/09\/Kita-Chinderwaelt_Sommerfest_2019_34-768x354.jpg 768w, https:\/\/www.kitachinderwaelt.ch\/wp-content\/uploads\/2019\/09\/Kita-Chinderwaelt_Sommerfest_2019_34-1030x474.jpg 1030w, https:\/\/www.kitachinderwaelt.ch\/wp-content\/uploads\/2019\/09\/Kita-Chinderwaelt_Sommerfest_2019_34-1500x691.jpg 1500w, https:\/\/www.kitachinderwaelt.ch\/wp-content\/uploads\/2019\/09\/Kita-Chinderwaelt_Sommerfest_2019_34-450x207.jpg 450w\" sizes=\"(max-width: 705px) 100vw, 705px\" \/><\/div><\/div><\/figure><\/a><!--end av-masonry entry--><a href=\"https:\/\/www.kitachinderwaelt.ch\/wp-content\/uploads\/2019\/09\/Kita-Chinderwaelt_Sommerfest_2019_33-1030x474.jpg\" data-srcset=\"https:\/\/www.kitachinderwaelt.ch\/wp-content\/uploads\/2019\/09\/Kita-Chinderwaelt_Sommerfest_2019_33-1030x474.jpg 1030w, https:\/\/www.kitachinderwaelt.ch\/wp-content\/uploads\/2019\/09\/Kita-Chinderwaelt_Sommerfest_2019_33-80x37.jpg 80w, https:\/\/www.kitachinderwaelt.ch\/wp-content\/uploads\/2019\/09\/Kita-Chinderwaelt_Sommerfest_2019_33-300x138.jpg 300w, https:\/\/www.kitachinderwaelt.ch\/wp-content\/uploads\/2019\/09\/Kita-Chinderwaelt_Sommerfest_2019_33-768x354.jpg 768w, https:\/\/www.kitachinderwaelt.ch\/wp-content\/uploads\/2019\/09\/Kita-Chinderwaelt_Sommerfest_2019_33-1500x691.jpg 1500w, https:\/\/www.kitachinderwaelt.ch\/wp-content\/uploads\/2019\/09\/Kita-Chinderwaelt_Sommerfest_2019_33-705x325.jpg 705w, https:\/\/www.kitachinderwaelt.ch\/wp-content\/uploads\/2019\/09\/Kita-Chinderwaelt_Sommerfest_2019_33-450x207.jpg 450w\" data-sizes=\"(max-width: 1030px) 100vw, 1030px\"  aria-label=\"image Kita-Chinderwaelt_Sommerfest_2019_33\"  id='av-masonry-1-item-2876' data-av-masonry-item='2876' class='av-masonry-entry isotope-item post-2876 attachment type-attachment status-inherit hentry  av-masonry-item-with-image' title=\"Kita-Chinderwaelt_Sommerfest_2019_33\" alt=\"\"    itemprop=\"thumbnailUrl\" ><div class='av-inner-masonry-sizer'><\/div><figure class='av-inner-masonry main_color'><div class=\"av-masonry-outerimage-container\"><div class='av-masonry-image-container'   ><img decoding=\"async\" width=\"705\" height=\"325\" class=\"wp-image-2876 avia-img-lazy-loading-not-2876\"  src=\"https:\/\/www.kitachinderwaelt.ch\/wp-content\/uploads\/2019\/09\/Kita-Chinderwaelt_Sommerfest_2019_33-705x325.jpg\" title=\"Kita-Chinderwaelt_Sommerfest_2019_33\" alt=\"\" srcset=\"https:\/\/www.kitachinderwaelt.ch\/wp-content\/uploads\/2019\/09\/Kita-Chinderwaelt_Sommerfest_2019_33-705x325.jpg 705w, https:\/\/www.kitachinderwaelt.ch\/wp-content\/uploads\/2019\/09\/Kita-Chinderwaelt_Sommerfest_2019_33-80x37.jpg 80w, https:\/\/www.kitachinderwaelt.ch\/wp-content\/uploads\/2019\/09\/Kita-Chinderwaelt_Sommerfest_2019_33-300x138.jpg 300w, https:\/\/www.kitachinderwaelt.ch\/wp-content\/uploads\/2019\/09\/Kita-Chinderwaelt_Sommerfest_2019_33-768x354.jpg 768w, https:\/\/www.kitachinderwaelt.ch\/wp-content\/uploads\/2019\/09\/Kita-Chinderwaelt_Sommerfest_2019_33-1030x474.jpg 1030w, https:\/\/www.kitachinderwaelt.ch\/wp-content\/uploads\/2019\/09\/Kita-Chinderwaelt_Sommerfest_2019_33-1500x691.jpg 1500w, https:\/\/www.kitachinderwaelt.ch\/wp-content\/uploads\/2019\/09\/Kita-Chinderwaelt_Sommerfest_2019_33-450x207.jpg 450w\" sizes=\"(max-width: 705px) 100vw, 705px\" \/><\/div><\/div><\/figure><\/a><!--end av-masonry entry--><a href=\"https:\/\/www.kitachinderwaelt.ch\/wp-content\/uploads\/2019\/09\/Kita-Chinderwaelt_Sommerfest_2019_37-474x1030.jpg\" data-srcset=\"https:\/\/www.kitachinderwaelt.ch\/wp-content\/uploads\/2019\/09\/Kita-Chinderwaelt_Sommerfest_2019_37-474x1030.jpg 474w, https:\/\/www.kitachinderwaelt.ch\/wp-content\/uploads\/2019\/09\/Kita-Chinderwaelt_Sommerfest_2019_37-37x80.jpg 37w, https:\/\/www.kitachinderwaelt.ch\/wp-content\/uploads\/2019\/09\/Kita-Chinderwaelt_Sommerfest_2019_37-138x300.jpg 138w, https:\/\/www.kitachinderwaelt.ch\/wp-content\/uploads\/2019\/09\/Kita-Chinderwaelt_Sommerfest_2019_37-768x1668.jpg 768w, https:\/\/www.kitachinderwaelt.ch\/wp-content\/uploads\/2019\/09\/Kita-Chinderwaelt_Sommerfest_2019_37-691x1500.jpg 691w, https:\/\/www.kitachinderwaelt.ch\/wp-content\/uploads\/2019\/09\/Kita-Chinderwaelt_Sommerfest_2019_37-325x705.jpg 325w, https:\/\/www.kitachinderwaelt.ch\/wp-content\/uploads\/2019\/09\/Kita-Chinderwaelt_Sommerfest_2019_37-450x977.jpg 450w, https:\/\/www.kitachinderwaelt.ch\/wp-content\/uploads\/2019\/09\/Kita-Chinderwaelt_Sommerfest_2019_37.jpg 1680w\" data-sizes=\"(max-width: 474px) 100vw, 474px\"  aria-label=\"image Kita-Chinderwaelt_Sommerfest_2019_37\"  id='av-masonry-1-item-2875' data-av-masonry-item='2875' class='av-masonry-entry isotope-item post-2875 attachment type-attachment status-inherit hentry  av-masonry-item-with-image' title=\"Kita-Chinderwaelt_Sommerfest_2019_37\" alt=\"\"    itemprop=\"thumbnailUrl\" ><div class='av-inner-masonry-sizer'><\/div><figure class='av-inner-masonry main_color'><div class=\"av-masonry-outerimage-container\"><div class='av-masonry-image-container'   ><img decoding=\"async\" width=\"325\" height=\"705\" class=\"wp-image-2875 avia-img-lazy-loading-not-2875\"  src=\"https:\/\/www.kitachinderwaelt.ch\/wp-content\/uploads\/2019\/09\/Kita-Chinderwaelt_Sommerfest_2019_37-325x705.jpg\" title=\"Kita-Chinderwaelt_Sommerfest_2019_37\" alt=\"\" srcset=\"https:\/\/www.kitachinderwaelt.ch\/wp-content\/uploads\/2019\/09\/Kita-Chinderwaelt_Sommerfest_2019_37-325x705.jpg 325w, https:\/\/www.kitachinderwaelt.ch\/wp-content\/uploads\/2019\/09\/Kita-Chinderwaelt_Sommerfest_2019_37-37x80.jpg 37w, https:\/\/www.kitachinderwaelt.ch\/wp-content\/uploads\/2019\/09\/Kita-Chinderwaelt_Sommerfest_2019_37-138x300.jpg 138w, https:\/\/www.kitachinderwaelt.ch\/wp-content\/uploads\/2019\/09\/Kita-Chinderwaelt_Sommerfest_2019_37-768x1668.jpg 768w, https:\/\/www.kitachinderwaelt.ch\/wp-content\/uploads\/2019\/09\/Kita-Chinderwaelt_Sommerfest_2019_37-474x1030.jpg 474w, https:\/\/www.kitachinderwaelt.ch\/wp-content\/uploads\/2019\/09\/Kita-Chinderwaelt_Sommerfest_2019_37-691x1500.jpg 691w, https:\/\/www.kitachinderwaelt.ch\/wp-content\/uploads\/2019\/09\/Kita-Chinderwaelt_Sommerfest_2019_37-450x977.jpg 450w, https:\/\/www.kitachinderwaelt.ch\/wp-content\/uploads\/2019\/09\/Kita-Chinderwaelt_Sommerfest_2019_37.jpg 1680w\" sizes=\"(max-width: 325px) 100vw, 325px\" \/><\/div><\/div><\/figure><\/a><!--end av-masonry entry--><a href=\"https:\/\/www.kitachinderwaelt.ch\/wp-content\/uploads\/2019\/09\/Kita-Chinderwaelt_Sommerfest_2019_43-1030x699.jpg\" data-srcset=\"https:\/\/www.kitachinderwaelt.ch\/wp-content\/uploads\/2019\/09\/Kita-Chinderwaelt_Sommerfest_2019_43-1030x699.jpg 1030w, https:\/\/www.kitachinderwaelt.ch\/wp-content\/uploads\/2019\/09\/Kita-Chinderwaelt_Sommerfest_2019_43-80x54.jpg 80w, https:\/\/www.kitachinderwaelt.ch\/wp-content\/uploads\/2019\/09\/Kita-Chinderwaelt_Sommerfest_2019_43-300x203.jpg 300w, https:\/\/www.kitachinderwaelt.ch\/wp-content\/uploads\/2019\/09\/Kita-Chinderwaelt_Sommerfest_2019_43-768x521.jpg 768w, https:\/\/www.kitachinderwaelt.ch\/wp-content\/uploads\/2019\/09\/Kita-Chinderwaelt_Sommerfest_2019_43-1500x1017.jpg 1500w, https:\/\/www.kitachinderwaelt.ch\/wp-content\/uploads\/2019\/09\/Kita-Chinderwaelt_Sommerfest_2019_43-705x478.jpg 705w, https:\/\/www.kitachinderwaelt.ch\/wp-content\/uploads\/2019\/09\/Kita-Chinderwaelt_Sommerfest_2019_43-450x305.jpg 450w\" data-sizes=\"(max-width: 1030px) 100vw, 1030px\"  aria-label=\"image Kita-Chinderwaelt_Sommerfest_2019_43\"  id='av-masonry-1-item-2871' data-av-masonry-item='2871' class='av-masonry-entry isotope-item post-2871 attachment type-attachment status-inherit hentry  av-masonry-item-with-image' title=\"Kita-Chinderwaelt_Sommerfest_2019_43\" alt=\"\"    itemprop=\"thumbnailUrl\" ><div class='av-inner-masonry-sizer'><\/div><figure class='av-inner-masonry main_color'><div class=\"av-masonry-outerimage-container\"><div class='av-masonry-image-container'   ><img decoding=\"async\" width=\"705\" height=\"478\" class=\"wp-image-2871 avia-img-lazy-loading-not-2871\"  src=\"https:\/\/www.kitachinderwaelt.ch\/wp-content\/uploads\/2019\/09\/Kita-Chinderwaelt_Sommerfest_2019_43-705x478.jpg\" title=\"Kita-Chinderwaelt_Sommerfest_2019_43\" alt=\"\" srcset=\"https:\/\/www.kitachinderwaelt.ch\/wp-content\/uploads\/2019\/09\/Kita-Chinderwaelt_Sommerfest_2019_43-705x478.jpg 705w, https:\/\/www.kitachinderwaelt.ch\/wp-content\/uploads\/2019\/09\/Kita-Chinderwaelt_Sommerfest_2019_43-80x54.jpg 80w, https:\/\/www.kitachinderwaelt.ch\/wp-content\/uploads\/2019\/09\/Kita-Chinderwaelt_Sommerfest_2019_43-300x203.jpg 300w, https:\/\/www.kitachinderwaelt.ch\/wp-content\/uploads\/2019\/09\/Kita-Chinderwaelt_Sommerfest_2019_43-768x521.jpg 768w, https:\/\/www.kitachinderwaelt.ch\/wp-content\/uploads\/2019\/09\/Kita-Chinderwaelt_Sommerfest_2019_43-1030x699.jpg 1030w, https:\/\/www.kitachinderwaelt.ch\/wp-content\/uploads\/2019\/09\/Kita-Chinderwaelt_Sommerfest_2019_43-1500x1017.jpg 1500w, https:\/\/www.kitachinderwaelt.ch\/wp-content\/uploads\/2019\/09\/Kita-Chinderwaelt_Sommerfest_2019_43-450x305.jpg 450w\" sizes=\"(max-width: 705px) 100vw, 705px\" \/><\/div><\/div><\/figure><\/a><!--end av-masonry entry--><a href=\"https:\/\/www.kitachinderwaelt.ch\/wp-content\/uploads\/2019\/09\/Kita-Chinderwaelt_Sommerfest_2019_36-1030x474.jpg\" data-srcset=\"https:\/\/www.kitachinderwaelt.ch\/wp-content\/uploads\/2019\/09\/Kita-Chinderwaelt_Sommerfest_2019_36-1030x474.jpg 1030w, https:\/\/www.kitachinderwaelt.ch\/wp-content\/uploads\/2019\/09\/Kita-Chinderwaelt_Sommerfest_2019_36-80x37.jpg 80w, https:\/\/www.kitachinderwaelt.ch\/wp-content\/uploads\/2019\/09\/Kita-Chinderwaelt_Sommerfest_2019_36-300x138.jpg 300w, https:\/\/www.kitachinderwaelt.ch\/wp-content\/uploads\/2019\/09\/Kita-Chinderwaelt_Sommerfest_2019_36-768x354.jpg 768w, https:\/\/www.kitachinderwaelt.ch\/wp-content\/uploads\/2019\/09\/Kita-Chinderwaelt_Sommerfest_2019_36-1500x691.jpg 1500w, https:\/\/www.kitachinderwaelt.ch\/wp-content\/uploads\/2019\/09\/Kita-Chinderwaelt_Sommerfest_2019_36-705x325.jpg 705w, https:\/\/www.kitachinderwaelt.ch\/wp-content\/uploads\/2019\/09\/Kita-Chinderwaelt_Sommerfest_2019_36-450x207.jpg 450w\" data-sizes=\"(max-width: 1030px) 100vw, 1030px\"  aria-label=\"image Kita-Chinderwaelt_Sommerfest_2019_36\"  id='av-masonry-1-item-2874' data-av-masonry-item='2874' class='av-masonry-entry isotope-item post-2874 attachment type-attachment status-inherit hentry  av-masonry-item-with-image' title=\"Kita-Chinderwaelt_Sommerfest_2019_36\" alt=\"\"    itemprop=\"thumbnailUrl\" ><div class='av-inner-masonry-sizer'><\/div><figure class='av-inner-masonry main_color'><div class=\"av-masonry-outerimage-container\"><div class='av-masonry-image-container'   ><img decoding=\"async\" width=\"705\" height=\"325\" class=\"wp-image-2874 avia-img-lazy-loading-not-2874\"  src=\"https:\/\/www.kitachinderwaelt.ch\/wp-content\/uploads\/2019\/09\/Kita-Chinderwaelt_Sommerfest_2019_36-705x325.jpg\" title=\"Kita-Chinderwaelt_Sommerfest_2019_36\" alt=\"\" srcset=\"https:\/\/www.kitachinderwaelt.ch\/wp-content\/uploads\/2019\/09\/Kita-Chinderwaelt_Sommerfest_2019_36-705x325.jpg 705w, https:\/\/www.kitachinderwaelt.ch\/wp-content\/uploads\/2019\/09\/Kita-Chinderwaelt_Sommerfest_2019_36-80x37.jpg 80w, https:\/\/www.kitachinderwaelt.ch\/wp-content\/uploads\/2019\/09\/Kita-Chinderwaelt_Sommerfest_2019_36-300x138.jpg 300w, https:\/\/www.kitachinderwaelt.ch\/wp-content\/uploads\/2019\/09\/Kita-Chinderwaelt_Sommerfest_2019_36-768x354.jpg 768w, https:\/\/www.kitachinderwaelt.ch\/wp-content\/uploads\/2019\/09\/Kita-Chinderwaelt_Sommerfest_2019_36-1030x474.jpg 1030w, https:\/\/www.kitachinderwaelt.ch\/wp-content\/uploads\/2019\/09\/Kita-Chinderwaelt_Sommerfest_2019_36-1500x691.jpg 1500w, https:\/\/www.kitachinderwaelt.ch\/wp-content\/uploads\/2019\/09\/Kita-Chinderwaelt_Sommerfest_2019_36-450x207.jpg 450w\" sizes=\"(max-width: 705px) 100vw, 705px\" \/><\/div><\/div><\/figure><\/a><!--end av-masonry entry--><a href=\"https:\/\/www.kitachinderwaelt.ch\/wp-content\/uploads\/2019\/09\/Kita-Chinderwaelt_Sommerfest_2019_38-1030x474.jpg\" data-srcset=\"https:\/\/www.kitachinderwaelt.ch\/wp-content\/uploads\/2019\/09\/Kita-Chinderwaelt_Sommerfest_2019_38-1030x474.jpg 1030w, https:\/\/www.kitachinderwaelt.ch\/wp-content\/uploads\/2019\/09\/Kita-Chinderwaelt_Sommerfest_2019_38-80x37.jpg 80w, https:\/\/www.kitachinderwaelt.ch\/wp-content\/uploads\/2019\/09\/Kita-Chinderwaelt_Sommerfest_2019_38-300x138.jpg 300w, https:\/\/www.kitachinderwaelt.ch\/wp-content\/uploads\/2019\/09\/Kita-Chinderwaelt_Sommerfest_2019_38-768x354.jpg 768w, https:\/\/www.kitachinderwaelt.ch\/wp-content\/uploads\/2019\/09\/Kita-Chinderwaelt_Sommerfest_2019_38-1500x691.jpg 1500w, https:\/\/www.kitachinderwaelt.ch\/wp-content\/uploads\/2019\/09\/Kita-Chinderwaelt_Sommerfest_2019_38-705x325.jpg 705w, https:\/\/www.kitachinderwaelt.ch\/wp-content\/uploads\/2019\/09\/Kita-Chinderwaelt_Sommerfest_2019_38-450x207.jpg 450w\" data-sizes=\"(max-width: 1030px) 100vw, 1030px\"  aria-label=\"image Kita-Chinderwaelt_Sommerfest_2019_38\"  id='av-masonry-1-item-2873' data-av-masonry-item='2873' class='av-masonry-entry isotope-item post-2873 attachment type-attachment status-inherit hentry  av-masonry-item-with-image' title=\"Kita-Chinderwaelt_Sommerfest_2019_38\" alt=\"\"    itemprop=\"thumbnailUrl\" ><div class='av-inner-masonry-sizer'><\/div><figure class='av-inner-masonry main_color'><div class=\"av-masonry-outerimage-container\"><div class='av-masonry-image-container'   ><img decoding=\"async\" width=\"705\" height=\"325\" class=\"wp-image-2873 avia-img-lazy-loading-not-2873\"  src=\"https:\/\/www.kitachinderwaelt.ch\/wp-content\/uploads\/2019\/09\/Kita-Chinderwaelt_Sommerfest_2019_38-705x325.jpg\" title=\"Kita-Chinderwaelt_Sommerfest_2019_38\" alt=\"\" srcset=\"https:\/\/www.kitachinderwaelt.ch\/wp-content\/uploads\/2019\/09\/Kita-Chinderwaelt_Sommerfest_2019_38-705x325.jpg 705w, https:\/\/www.kitachinderwaelt.ch\/wp-content\/uploads\/2019\/09\/Kita-Chinderwaelt_Sommerfest_2019_38-80x37.jpg 80w, https:\/\/www.kitachinderwaelt.ch\/wp-content\/uploads\/2019\/09\/Kita-Chinderwaelt_Sommerfest_2019_38-300x138.jpg 300w, https:\/\/www.kitachinderwaelt.ch\/wp-content\/uploads\/2019\/09\/Kita-Chinderwaelt_Sommerfest_2019_38-768x354.jpg 768w, https:\/\/www.kitachinderwaelt.ch\/wp-content\/uploads\/2019\/09\/Kita-Chinderwaelt_Sommerfest_2019_38-1030x474.jpg 1030w, https:\/\/www.kitachinderwaelt.ch\/wp-content\/uploads\/2019\/09\/Kita-Chinderwaelt_Sommerfest_2019_38-1500x691.jpg 1500w, https:\/\/www.kitachinderwaelt.ch\/wp-content\/uploads\/2019\/09\/Kita-Chinderwaelt_Sommerfest_2019_38-450x207.jpg 450w\" sizes=\"(max-width: 705px) 100vw, 705px\" \/><\/div><\/div><\/figure><\/a><!--end av-masonry entry--><a href=\"https:\/\/www.kitachinderwaelt.ch\/wp-content\/uploads\/2019\/09\/Kita-Chinderwaelt_Sommerfest_2019_4.jpg\" data-srcset=\"https:\/\/www.kitachinderwaelt.ch\/wp-content\/uploads\/2019\/09\/Kita-Chinderwaelt_Sommerfest_2019_4.jpg 1029w, https:\/\/www.kitachinderwaelt.ch\/wp-content\/uploads\/2019\/09\/Kita-Chinderwaelt_Sommerfest_2019_4-80x53.jpg 80w, https:\/\/www.kitachinderwaelt.ch\/wp-content\/uploads\/2019\/09\/Kita-Chinderwaelt_Sommerfest_2019_4-300x199.jpg 300w, https:\/\/www.kitachinderwaelt.ch\/wp-content\/uploads\/2019\/09\/Kita-Chinderwaelt_Sommerfest_2019_4-768x511.jpg 768w, https:\/\/www.kitachinderwaelt.ch\/wp-content\/uploads\/2019\/09\/Kita-Chinderwaelt_Sommerfest_2019_4-705x469.jpg 705w, https:\/\/www.kitachinderwaelt.ch\/wp-content\/uploads\/2019\/09\/Kita-Chinderwaelt_Sommerfest_2019_4-450x299.jpg 450w\" data-sizes=\"(max-width: 1029px) 100vw, 1029px\"  aria-label=\"image Kita-Chinderwaelt_Sommerfest_2019_4\"  id='av-masonry-1-item-2872' data-av-masonry-item='2872' class='av-masonry-entry isotope-item post-2872 attachment type-attachment status-inherit hentry  av-masonry-item-with-image' title=\"Kita-Chinderwaelt_Sommerfest_2019_4\" alt=\"\"    itemprop=\"thumbnailUrl\" ><div class='av-inner-masonry-sizer'><\/div><figure class='av-inner-masonry main_color'><div class=\"av-masonry-outerimage-container\"><div class='av-masonry-image-container'   ><img decoding=\"async\" width=\"705\" height=\"469\" class=\"wp-image-2872 avia-img-lazy-loading-not-2872\"  src=\"https:\/\/www.kitachinderwaelt.ch\/wp-content\/uploads\/2019\/09\/Kita-Chinderwaelt_Sommerfest_2019_4-705x469.jpg\" title=\"Kita-Chinderwaelt_Sommerfest_2019_4\" alt=\"\" srcset=\"https:\/\/www.kitachinderwaelt.ch\/wp-content\/uploads\/2019\/09\/Kita-Chinderwaelt_Sommerfest_2019_4-705x469.jpg 705w, https:\/\/www.kitachinderwaelt.ch\/wp-content\/uploads\/2019\/09\/Kita-Chinderwaelt_Sommerfest_2019_4-80x53.jpg 80w, https:\/\/www.kitachinderwaelt.ch\/wp-content\/uploads\/2019\/09\/Kita-Chinderwaelt_Sommerfest_2019_4-300x199.jpg 300w, https:\/\/www.kitachinderwaelt.ch\/wp-content\/uploads\/2019\/09\/Kita-Chinderwaelt_Sommerfest_2019_4-768x511.jpg 768w, https:\/\/www.kitachinderwaelt.ch\/wp-content\/uploads\/2019\/09\/Kita-Chinderwaelt_Sommerfest_2019_4-450x299.jpg 450w, https:\/\/www.kitachinderwaelt.ch\/wp-content\/uploads\/2019\/09\/Kita-Chinderwaelt_Sommerfest_2019_4.jpg 1029w\" sizes=\"(max-width: 705px) 100vw, 705px\" \/><\/div><\/div><\/figure><\/a><!--end av-masonry entry--><a href=\"https:\/\/www.kitachinderwaelt.ch\/wp-content\/uploads\/2019\/09\/Kita-Chinderwaelt_Sommerfest_2019_42-1030x705.jpg\" data-srcset=\"https:\/\/www.kitachinderwaelt.ch\/wp-content\/uploads\/2019\/09\/Kita-Chinderwaelt_Sommerfest_2019_42-1030x705.jpg 1030w, https:\/\/www.kitachinderwaelt.ch\/wp-content\/uploads\/2019\/09\/Kita-Chinderwaelt_Sommerfest_2019_42-80x55.jpg 80w, https:\/\/www.kitachinderwaelt.ch\/wp-content\/uploads\/2019\/09\/Kita-Chinderwaelt_Sommerfest_2019_42-300x205.jpg 300w, https:\/\/www.kitachinderwaelt.ch\/wp-content\/uploads\/2019\/09\/Kita-Chinderwaelt_Sommerfest_2019_42-768x526.jpg 768w, https:\/\/www.kitachinderwaelt.ch\/wp-content\/uploads\/2019\/09\/Kita-Chinderwaelt_Sommerfest_2019_42-1500x1027.jpg 1500w, https:\/\/www.kitachinderwaelt.ch\/wp-content\/uploads\/2019\/09\/Kita-Chinderwaelt_Sommerfest_2019_42-705x483.jpg 705w, https:\/\/www.kitachinderwaelt.ch\/wp-content\/uploads\/2019\/09\/Kita-Chinderwaelt_Sommerfest_2019_42-450x308.jpg 450w\" data-sizes=\"(max-width: 1030px) 100vw, 1030px\"  aria-label=\"image Kita-Chinderwaelt_Sommerfest_2019_42\"  id='av-masonry-1-item-2870' data-av-masonry-item='2870' class='av-masonry-entry isotope-item post-2870 attachment type-attachment status-inherit hentry  av-masonry-item-with-image' title=\"Kita-Chinderwaelt_Sommerfest_2019_42\" alt=\"\"    itemprop=\"thumbnailUrl\" ><div class='av-inner-masonry-sizer'><\/div><figure class='av-inner-masonry main_color'><div class=\"av-masonry-outerimage-container\"><div class='av-masonry-image-container'   ><img decoding=\"async\" width=\"705\" height=\"483\" class=\"wp-image-2870 avia-img-lazy-loading-not-2870\"  src=\"https:\/\/www.kitachinderwaelt.ch\/wp-content\/uploads\/2019\/09\/Kita-Chinderwaelt_Sommerfest_2019_42-705x483.jpg\" title=\"Kita-Chinderwaelt_Sommerfest_2019_42\" alt=\"\" srcset=\"https:\/\/www.kitachinderwaelt.ch\/wp-content\/uploads\/2019\/09\/Kita-Chinderwaelt_Sommerfest_2019_42-705x483.jpg 705w, https:\/\/www.kitachinderwaelt.ch\/wp-content\/uploads\/2019\/09\/Kita-Chinderwaelt_Sommerfest_2019_42-80x55.jpg 80w, https:\/\/www.kitachinderwaelt.ch\/wp-content\/uploads\/2019\/09\/Kita-Chinderwaelt_Sommerfest_2019_42-300x205.jpg 300w, https:\/\/www.kitachinderwaelt.ch\/wp-content\/uploads\/2019\/09\/Kita-Chinderwaelt_Sommerfest_2019_42-768x526.jpg 768w, https:\/\/www.kitachinderwaelt.ch\/wp-content\/uploads\/2019\/09\/Kita-Chinderwaelt_Sommerfest_2019_42-1030x705.jpg 1030w, https:\/\/www.kitachinderwaelt.ch\/wp-content\/uploads\/2019\/09\/Kita-Chinderwaelt_Sommerfest_2019_42-1500x1027.jpg 1500w, https:\/\/www.kitachinderwaelt.ch\/wp-content\/uploads\/2019\/09\/Kita-Chinderwaelt_Sommerfest_2019_42-450x308.jpg 450w\" sizes=\"(max-width: 705px) 100vw, 705px\" \/><\/div><\/div><\/figure><\/a><!--end av-masonry entry--><a href=\"https:\/\/www.kitachinderwaelt.ch\/wp-content\/uploads\/2019\/09\/Kita-Chinderwaelt_Sommerfest_2019_41-1030x474.jpg\" data-srcset=\"https:\/\/www.kitachinderwaelt.ch\/wp-content\/uploads\/2019\/09\/Kita-Chinderwaelt_Sommerfest_2019_41-1030x474.jpg 1030w, https:\/\/www.kitachinderwaelt.ch\/wp-content\/uploads\/2019\/09\/Kita-Chinderwaelt_Sommerfest_2019_41-80x37.jpg 80w, https:\/\/www.kitachinderwaelt.ch\/wp-content\/uploads\/2019\/09\/Kita-Chinderwaelt_Sommerfest_2019_41-300x138.jpg 300w, https:\/\/www.kitachinderwaelt.ch\/wp-content\/uploads\/2019\/09\/Kita-Chinderwaelt_Sommerfest_2019_41-768x354.jpg 768w, https:\/\/www.kitachinderwaelt.ch\/wp-content\/uploads\/2019\/09\/Kita-Chinderwaelt_Sommerfest_2019_41-1500x691.jpg 1500w, https:\/\/www.kitachinderwaelt.ch\/wp-content\/uploads\/2019\/09\/Kita-Chinderwaelt_Sommerfest_2019_41-705x325.jpg 705w, https:\/\/www.kitachinderwaelt.ch\/wp-content\/uploads\/2019\/09\/Kita-Chinderwaelt_Sommerfest_2019_41-450x207.jpg 450w\" data-sizes=\"(max-width: 1030px) 100vw, 1030px\"  aria-label=\"image Kita-Chinderwaelt_Sommerfest_2019_41\"  id='av-masonry-1-item-2869' data-av-masonry-item='2869' class='av-masonry-entry isotope-item post-2869 attachment type-attachment status-inherit hentry  av-masonry-item-with-image' title=\"Kita-Chinderwaelt_Sommerfest_2019_41\" alt=\"\"    itemprop=\"thumbnailUrl\" ><div class='av-inner-masonry-sizer'><\/div><figure class='av-inner-masonry main_color'><div class=\"av-masonry-outerimage-container\"><div class='av-masonry-image-container'   ><img decoding=\"async\" width=\"705\" height=\"325\" class=\"wp-image-2869 avia-img-lazy-loading-not-2869\"  src=\"https:\/\/www.kitachinderwaelt.ch\/wp-content\/uploads\/2019\/09\/Kita-Chinderwaelt_Sommerfest_2019_41-705x325.jpg\" title=\"Kita-Chinderwaelt_Sommerfest_2019_41\" alt=\"\" srcset=\"https:\/\/www.kitachinderwaelt.ch\/wp-content\/uploads\/2019\/09\/Kita-Chinderwaelt_Sommerfest_2019_41-705x325.jpg 705w, https:\/\/www.kitachinderwaelt.ch\/wp-content\/uploads\/2019\/09\/Kita-Chinderwaelt_Sommerfest_2019_41-80x37.jpg 80w, https:\/\/www.kitachinderwaelt.ch\/wp-content\/uploads\/2019\/09\/Kita-Chinderwaelt_Sommerfest_2019_41-300x138.jpg 300w, https:\/\/www.kitachinderwaelt.ch\/wp-content\/uploads\/2019\/09\/Kita-Chinderwaelt_Sommerfest_2019_41-768x354.jpg 768w, https:\/\/www.kitachinderwaelt.ch\/wp-content\/uploads\/2019\/09\/Kita-Chinderwaelt_Sommerfest_2019_41-1030x474.jpg 1030w, https:\/\/www.kitachinderwaelt.ch\/wp-content\/uploads\/2019\/09\/Kita-Chinderwaelt_Sommerfest_2019_41-1500x691.jpg 1500w, https:\/\/www.kitachinderwaelt.ch\/wp-content\/uploads\/2019\/09\/Kita-Chinderwaelt_Sommerfest_2019_41-450x207.jpg 450w\" sizes=\"(max-width: 705px) 100vw, 705px\" \/><\/div><\/div><\/figure><\/a><!--end av-masonry entry--><a href=\"https:\/\/www.kitachinderwaelt.ch\/wp-content\/uploads\/2019\/09\/Kita-Chinderwaelt_Sommerfest_2019_46-1030x773.jpg\" data-srcset=\"https:\/\/www.kitachinderwaelt.ch\/wp-content\/uploads\/2019\/09\/Kita-Chinderwaelt_Sommerfest_2019_46-1030x773.jpg 1030w, https:\/\/www.kitachinderwaelt.ch\/wp-content\/uploads\/2019\/09\/Kita-Chinderwaelt_Sommerfest_2019_46-80x60.jpg 80w, https:\/\/www.kitachinderwaelt.ch\/wp-content\/uploads\/2019\/09\/Kita-Chinderwaelt_Sommerfest_2019_46-300x225.jpg 300w, https:\/\/www.kitachinderwaelt.ch\/wp-content\/uploads\/2019\/09\/Kita-Chinderwaelt_Sommerfest_2019_46-768x576.jpg 768w, https:\/\/www.kitachinderwaelt.ch\/wp-content\/uploads\/2019\/09\/Kita-Chinderwaelt_Sommerfest_2019_46-1500x1125.jpg 1500w, https:\/\/www.kitachinderwaelt.ch\/wp-content\/uploads\/2019\/09\/Kita-Chinderwaelt_Sommerfest_2019_46-705x529.jpg 705w, https:\/\/www.kitachinderwaelt.ch\/wp-content\/uploads\/2019\/09\/Kita-Chinderwaelt_Sommerfest_2019_46-450x338.jpg 450w\" data-sizes=\"(max-width: 1030px) 100vw, 1030px\"  aria-label=\"image Kita-Chinderwaelt_Sommerfest_2019_46\"  id='av-masonry-1-item-2868' data-av-masonry-item='2868' class='av-masonry-entry isotope-item post-2868 attachment type-attachment status-inherit hentry  av-masonry-item-with-image' title=\"Kita-Chinderwaelt_Sommerfest_2019_46\" alt=\"\"    itemprop=\"thumbnailUrl\" ><div class='av-inner-masonry-sizer'><\/div><figure class='av-inner-masonry main_color'><div class=\"av-masonry-outerimage-container\"><div class='av-masonry-image-container'   ><img decoding=\"async\" width=\"705\" height=\"529\" class=\"wp-image-2868 avia-img-lazy-loading-not-2868\"  src=\"https:\/\/www.kitachinderwaelt.ch\/wp-content\/uploads\/2019\/09\/Kita-Chinderwaelt_Sommerfest_2019_46-705x529.jpg\" title=\"Kita-Chinderwaelt_Sommerfest_2019_46\" alt=\"\" srcset=\"https:\/\/www.kitachinderwaelt.ch\/wp-content\/uploads\/2019\/09\/Kita-Chinderwaelt_Sommerfest_2019_46-705x529.jpg 705w, https:\/\/www.kitachinderwaelt.ch\/wp-content\/uploads\/2019\/09\/Kita-Chinderwaelt_Sommerfest_2019_46-80x60.jpg 80w, https:\/\/www.kitachinderwaelt.ch\/wp-content\/uploads\/2019\/09\/Kita-Chinderwaelt_Sommerfest_2019_46-300x225.jpg 300w, https:\/\/www.kitachinderwaelt.ch\/wp-content\/uploads\/2019\/09\/Kita-Chinderwaelt_Sommerfest_2019_46-768x576.jpg 768w, https:\/\/www.kitachinderwaelt.ch\/wp-content\/uploads\/2019\/09\/Kita-Chinderwaelt_Sommerfest_2019_46-1030x773.jpg 1030w, https:\/\/www.kitachinderwaelt.ch\/wp-content\/uploads\/2019\/09\/Kita-Chinderwaelt_Sommerfest_2019_46-1500x1125.jpg 1500w, https:\/\/www.kitachinderwaelt.ch\/wp-content\/uploads\/2019\/09\/Kita-Chinderwaelt_Sommerfest_2019_46-450x338.jpg 450w\" sizes=\"(max-width: 705px) 100vw, 705px\" \/><\/div><\/div><\/figure><\/a><!--end av-masonry entry--><a href=\"https:\/\/www.kitachinderwaelt.ch\/wp-content\/uploads\/2019\/09\/Kita-Chinderwaelt_Sommerfest_2019_45-1030x716.jpg\" data-srcset=\"https:\/\/www.kitachinderwaelt.ch\/wp-content\/uploads\/2019\/09\/Kita-Chinderwaelt_Sommerfest_2019_45-1030x716.jpg 1030w, https:\/\/www.kitachinderwaelt.ch\/wp-content\/uploads\/2019\/09\/Kita-Chinderwaelt_Sommerfest_2019_45-80x56.jpg 80w, https:\/\/www.kitachinderwaelt.ch\/wp-content\/uploads\/2019\/09\/Kita-Chinderwaelt_Sommerfest_2019_45-300x209.jpg 300w, https:\/\/www.kitachinderwaelt.ch\/wp-content\/uploads\/2019\/09\/Kita-Chinderwaelt_Sommerfest_2019_45-768x534.jpg 768w, https:\/\/www.kitachinderwaelt.ch\/wp-content\/uploads\/2019\/09\/Kita-Chinderwaelt_Sommerfest_2019_45-1500x1043.jpg 1500w, https:\/\/www.kitachinderwaelt.ch\/wp-content\/uploads\/2019\/09\/Kita-Chinderwaelt_Sommerfest_2019_45-705x490.jpg 705w, https:\/\/www.kitachinderwaelt.ch\/wp-content\/uploads\/2019\/09\/Kita-Chinderwaelt_Sommerfest_2019_45-450x313.jpg 450w\" data-sizes=\"(max-width: 1030px) 100vw, 1030px\"  aria-label=\"image Kita-Chinderwaelt_Sommerfest_2019_45\"  id='av-masonry-1-item-2867' data-av-masonry-item='2867' class='av-masonry-entry isotope-item post-2867 attachment type-attachment status-inherit hentry  av-masonry-item-with-image' title=\"Kita-Chinderwaelt_Sommerfest_2019_45\" alt=\"\"    itemprop=\"thumbnailUrl\" ><div class='av-inner-masonry-sizer'><\/div><figure class='av-inner-masonry main_color'><div class=\"av-masonry-outerimage-container\"><div class='av-masonry-image-container'   ><img decoding=\"async\" width=\"705\" height=\"490\" class=\"wp-image-2867 avia-img-lazy-loading-not-2867\"  src=\"https:\/\/www.kitachinderwaelt.ch\/wp-content\/uploads\/2019\/09\/Kita-Chinderwaelt_Sommerfest_2019_45-705x490.jpg\" title=\"Kita-Chinderwaelt_Sommerfest_2019_45\" alt=\"\" srcset=\"https:\/\/www.kitachinderwaelt.ch\/wp-content\/uploads\/2019\/09\/Kita-Chinderwaelt_Sommerfest_2019_45-705x490.jpg 705w, https:\/\/www.kitachinderwaelt.ch\/wp-content\/uploads\/2019\/09\/Kita-Chinderwaelt_Sommerfest_2019_45-80x56.jpg 80w, https:\/\/www.kitachinderwaelt.ch\/wp-content\/uploads\/2019\/09\/Kita-Chinderwaelt_Sommerfest_2019_45-300x209.jpg 300w, https:\/\/www.kitachinderwaelt.ch\/wp-content\/uploads\/2019\/09\/Kita-Chinderwaelt_Sommerfest_2019_45-768x534.jpg 768w, https:\/\/www.kitachinderwaelt.ch\/wp-content\/uploads\/2019\/09\/Kita-Chinderwaelt_Sommerfest_2019_45-1030x716.jpg 1030w, https:\/\/www.kitachinderwaelt.ch\/wp-content\/uploads\/2019\/09\/Kita-Chinderwaelt_Sommerfest_2019_45-1500x1043.jpg 1500w, https:\/\/www.kitachinderwaelt.ch\/wp-content\/uploads\/2019\/09\/Kita-Chinderwaelt_Sommerfest_2019_45-450x313.jpg 450w\" sizes=\"(max-width: 705px) 100vw, 705px\" \/><\/div><\/div><\/figure><\/a><!--end av-masonry entry--><a href=\"https:\/\/www.kitachinderwaelt.ch\/wp-content\/uploads\/2019\/09\/Kita-Chinderwaelt_Sommerfest_2019_47-1030x773.jpg\" data-srcset=\"https:\/\/www.kitachinderwaelt.ch\/wp-content\/uploads\/2019\/09\/Kita-Chinderwaelt_Sommerfest_2019_47-1030x773.jpg 1030w, https:\/\/www.kitachinderwaelt.ch\/wp-content\/uploads\/2019\/09\/Kita-Chinderwaelt_Sommerfest_2019_47-80x60.jpg 80w, https:\/\/www.kitachinderwaelt.ch\/wp-content\/uploads\/2019\/09\/Kita-Chinderwaelt_Sommerfest_2019_47-300x225.jpg 300w, https:\/\/www.kitachinderwaelt.ch\/wp-content\/uploads\/2019\/09\/Kita-Chinderwaelt_Sommerfest_2019_47-768x576.jpg 768w, https:\/\/www.kitachinderwaelt.ch\/wp-content\/uploads\/2019\/09\/Kita-Chinderwaelt_Sommerfest_2019_47-1500x1125.jpg 1500w, https:\/\/www.kitachinderwaelt.ch\/wp-content\/uploads\/2019\/09\/Kita-Chinderwaelt_Sommerfest_2019_47-705x529.jpg 705w, https:\/\/www.kitachinderwaelt.ch\/wp-content\/uploads\/2019\/09\/Kita-Chinderwaelt_Sommerfest_2019_47-450x338.jpg 450w\" data-sizes=\"(max-width: 1030px) 100vw, 1030px\"  aria-label=\"image Kita-Chinderwaelt_Sommerfest_2019_47\"  id='av-masonry-1-item-2866' data-av-masonry-item='2866' class='av-masonry-entry isotope-item post-2866 attachment type-attachment status-inherit hentry  av-masonry-item-with-image' title=\"Kita-Chinderwaelt_Sommerfest_2019_47\" alt=\"\"    itemprop=\"thumbnailUrl\" ><div class='av-inner-masonry-sizer'><\/div><figure class='av-inner-masonry main_color'><div class=\"av-masonry-outerimage-container\"><div class='av-masonry-image-container'   ><img decoding=\"async\" width=\"705\" height=\"529\" class=\"wp-image-2866 avia-img-lazy-loading-not-2866\"  src=\"https:\/\/www.kitachinderwaelt.ch\/wp-content\/uploads\/2019\/09\/Kita-Chinderwaelt_Sommerfest_2019_47-705x529.jpg\" title=\"Kita-Chinderwaelt_Sommerfest_2019_47\" alt=\"\" srcset=\"https:\/\/www.kitachinderwaelt.ch\/wp-content\/uploads\/2019\/09\/Kita-Chinderwaelt_Sommerfest_2019_47-705x529.jpg 705w, https:\/\/www.kitachinderwaelt.ch\/wp-content\/uploads\/2019\/09\/Kita-Chinderwaelt_Sommerfest_2019_47-80x60.jpg 80w, https:\/\/www.kitachinderwaelt.ch\/wp-content\/uploads\/2019\/09\/Kita-Chinderwaelt_Sommerfest_2019_47-300x225.jpg 300w, https:\/\/www.kitachinderwaelt.ch\/wp-content\/uploads\/2019\/09\/Kita-Chinderwaelt_Sommerfest_2019_47-768x576.jpg 768w, https:\/\/www.kitachinderwaelt.ch\/wp-content\/uploads\/2019\/09\/Kita-Chinderwaelt_Sommerfest_2019_47-1030x773.jpg 1030w, https:\/\/www.kitachinderwaelt.ch\/wp-content\/uploads\/2019\/09\/Kita-Chinderwaelt_Sommerfest_2019_47-1500x1125.jpg 1500w, https:\/\/www.kitachinderwaelt.ch\/wp-content\/uploads\/2019\/09\/Kita-Chinderwaelt_Sommerfest_2019_47-450x338.jpg 450w\" sizes=\"(max-width: 705px) 100vw, 705px\" \/><\/div><\/div><\/figure><\/a><!--end av-masonry entry--><a href=\"https:\/\/www.kitachinderwaelt.ch\/wp-content\/uploads\/2019\/09\/Kita-Chinderwaelt_Sommerfest_2019_5.jpg\" data-srcset=\"https:\/\/www.kitachinderwaelt.ch\/wp-content\/uploads\/2019\/09\/Kita-Chinderwaelt_Sommerfest_2019_5.jpg 1029w, https:\/\/www.kitachinderwaelt.ch\/wp-content\/uploads\/2019\/09\/Kita-Chinderwaelt_Sommerfest_2019_5-80x53.jpg 80w, https:\/\/www.kitachinderwaelt.ch\/wp-content\/uploads\/2019\/09\/Kita-Chinderwaelt_Sommerfest_2019_5-300x199.jpg 300w, https:\/\/www.kitachinderwaelt.ch\/wp-content\/uploads\/2019\/09\/Kita-Chinderwaelt_Sommerfest_2019_5-768x511.jpg 768w, https:\/\/www.kitachinderwaelt.ch\/wp-content\/uploads\/2019\/09\/Kita-Chinderwaelt_Sommerfest_2019_5-705x469.jpg 705w, https:\/\/www.kitachinderwaelt.ch\/wp-content\/uploads\/2019\/09\/Kita-Chinderwaelt_Sommerfest_2019_5-450x299.jpg 450w\" data-sizes=\"(max-width: 1029px) 100vw, 1029px\"  aria-label=\"image Kita-Chinderwaelt_Sommerfest_2019_5\"  id='av-masonry-1-item-2865' data-av-masonry-item='2865' class='av-masonry-entry isotope-item post-2865 attachment type-attachment status-inherit hentry  av-masonry-item-with-image' title=\"Kita-Chinderwaelt_Sommerfest_2019_5\" alt=\"\"    itemprop=\"thumbnailUrl\" ><div class='av-inner-masonry-sizer'><\/div><figure class='av-inner-masonry main_color'><div class=\"av-masonry-outerimage-container\"><div class='av-masonry-image-container'   ><img decoding=\"async\" width=\"705\" height=\"469\" class=\"wp-image-2865 avia-img-lazy-loading-not-2865\"  src=\"https:\/\/www.kitachinderwaelt.ch\/wp-content\/uploads\/2019\/09\/Kita-Chinderwaelt_Sommerfest_2019_5-705x469.jpg\" title=\"Kita-Chinderwaelt_Sommerfest_2019_5\" alt=\"\" srcset=\"https:\/\/www.kitachinderwaelt.ch\/wp-content\/uploads\/2019\/09\/Kita-Chinderwaelt_Sommerfest_2019_5-705x469.jpg 705w, https:\/\/www.kitachinderwaelt.ch\/wp-content\/uploads\/2019\/09\/Kita-Chinderwaelt_Sommerfest_2019_5-80x53.jpg 80w, https:\/\/www.kitachinderwaelt.ch\/wp-content\/uploads\/2019\/09\/Kita-Chinderwaelt_Sommerfest_2019_5-300x199.jpg 300w, https:\/\/www.kitachinderwaelt.ch\/wp-content\/uploads\/2019\/09\/Kita-Chinderwaelt_Sommerfest_2019_5-768x511.jpg 768w, https:\/\/www.kitachinderwaelt.ch\/wp-content\/uploads\/2019\/09\/Kita-Chinderwaelt_Sommerfest_2019_5-450x299.jpg 450w, https:\/\/www.kitachinderwaelt.ch\/wp-content\/uploads\/2019\/09\/Kita-Chinderwaelt_Sommerfest_2019_5.jpg 1029w\" sizes=\"(max-width: 705px) 100vw, 705px\" \/><\/div><\/div><\/figure><\/a><!--end av-masonry entry--><a href=\"https:\/\/www.kitachinderwaelt.ch\/wp-content\/uploads\/2019\/09\/Kita-Chinderwaelt_Sommerfest_2019_52-1030x773.jpg\" data-srcset=\"https:\/\/www.kitachinderwaelt.ch\/wp-content\/uploads\/2019\/09\/Kita-Chinderwaelt_Sommerfest_2019_52-1030x773.jpg 1030w, https:\/\/www.kitachinderwaelt.ch\/wp-content\/uploads\/2019\/09\/Kita-Chinderwaelt_Sommerfest_2019_52-80x60.jpg 80w, https:\/\/www.kitachinderwaelt.ch\/wp-content\/uploads\/2019\/09\/Kita-Chinderwaelt_Sommerfest_2019_52-300x225.jpg 300w, https:\/\/www.kitachinderwaelt.ch\/wp-content\/uploads\/2019\/09\/Kita-Chinderwaelt_Sommerfest_2019_52-768x576.jpg 768w, https:\/\/www.kitachinderwaelt.ch\/wp-content\/uploads\/2019\/09\/Kita-Chinderwaelt_Sommerfest_2019_52-1500x1125.jpg 1500w, https:\/\/www.kitachinderwaelt.ch\/wp-content\/uploads\/2019\/09\/Kita-Chinderwaelt_Sommerfest_2019_52-705x529.jpg 705w, https:\/\/www.kitachinderwaelt.ch\/wp-content\/uploads\/2019\/09\/Kita-Chinderwaelt_Sommerfest_2019_52-450x338.jpg 450w\" data-sizes=\"(max-width: 1030px) 100vw, 1030px\"  aria-label=\"image Kita-Chinderwaelt_Sommerfest_2019_52\"  id='av-masonry-1-item-2864' data-av-masonry-item='2864' class='av-masonry-entry isotope-item post-2864 attachment type-attachment status-inherit hentry  av-masonry-item-with-image' title=\"Kita-Chinderwaelt_Sommerfest_2019_52\" alt=\"\"    itemprop=\"thumbnailUrl\" ><div class='av-inner-masonry-sizer'><\/div><figure class='av-inner-masonry main_color'><div class=\"av-masonry-outerimage-container\"><div class='av-masonry-image-container'   ><img decoding=\"async\" width=\"705\" height=\"529\" class=\"wp-image-2864 avia-img-lazy-loading-not-2864\"  src=\"https:\/\/www.kitachinderwaelt.ch\/wp-content\/uploads\/2019\/09\/Kita-Chinderwaelt_Sommerfest_2019_52-705x529.jpg\" title=\"Kita-Chinderwaelt_Sommerfest_2019_52\" alt=\"\" srcset=\"https:\/\/www.kitachinderwaelt.ch\/wp-content\/uploads\/2019\/09\/Kita-Chinderwaelt_Sommerfest_2019_52-705x529.jpg 705w, https:\/\/www.kitachinderwaelt.ch\/wp-content\/uploads\/2019\/09\/Kita-Chinderwaelt_Sommerfest_2019_52-80x60.jpg 80w, https:\/\/www.kitachinderwaelt.ch\/wp-content\/uploads\/2019\/09\/Kita-Chinderwaelt_Sommerfest_2019_52-300x225.jpg 300w, https:\/\/www.kitachinderwaelt.ch\/wp-content\/uploads\/2019\/09\/Kita-Chinderwaelt_Sommerfest_2019_52-768x576.jpg 768w, https:\/\/www.kitachinderwaelt.ch\/wp-content\/uploads\/2019\/09\/Kita-Chinderwaelt_Sommerfest_2019_52-1030x773.jpg 1030w, https:\/\/www.kitachinderwaelt.ch\/wp-content\/uploads\/2019\/09\/Kita-Chinderwaelt_Sommerfest_2019_52-1500x1125.jpg 1500w, https:\/\/www.kitachinderwaelt.ch\/wp-content\/uploads\/2019\/09\/Kita-Chinderwaelt_Sommerfest_2019_52-450x338.jpg 450w\" sizes=\"(max-width: 705px) 100vw, 705px\" \/><\/div><\/div><\/figure><\/a><!--end av-masonry entry--><a href=\"https:\/\/www.kitachinderwaelt.ch\/wp-content\/uploads\/2019\/09\/Kita-Chinderwaelt_Sommerfest_2019_53-773x1030.jpg\" data-srcset=\"https:\/\/www.kitachinderwaelt.ch\/wp-content\/uploads\/2019\/09\/Kita-Chinderwaelt_Sommerfest_2019_53-773x1030.jpg 773w, https:\/\/www.kitachinderwaelt.ch\/wp-content\/uploads\/2019\/09\/Kita-Chinderwaelt_Sommerfest_2019_53-60x80.jpg 60w, https:\/\/www.kitachinderwaelt.ch\/wp-content\/uploads\/2019\/09\/Kita-Chinderwaelt_Sommerfest_2019_53-225x300.jpg 225w, https:\/\/www.kitachinderwaelt.ch\/wp-content\/uploads\/2019\/09\/Kita-Chinderwaelt_Sommerfest_2019_53-768x1024.jpg 768w, https:\/\/www.kitachinderwaelt.ch\/wp-content\/uploads\/2019\/09\/Kita-Chinderwaelt_Sommerfest_2019_53-1125x1500.jpg 1125w, https:\/\/www.kitachinderwaelt.ch\/wp-content\/uploads\/2019\/09\/Kita-Chinderwaelt_Sommerfest_2019_53-529x705.jpg 529w, https:\/\/www.kitachinderwaelt.ch\/wp-content\/uploads\/2019\/09\/Kita-Chinderwaelt_Sommerfest_2019_53-450x600.jpg 450w\" data-sizes=\"(max-width: 773px) 100vw, 773px\"  aria-label=\"image Kita-Chinderwaelt_Sommerfest_2019_53\"  id='av-masonry-1-item-2863' data-av-masonry-item='2863' class='av-masonry-entry isotope-item post-2863 attachment type-attachment status-inherit hentry  av-masonry-item-with-image' title=\"Kita-Chinderwaelt_Sommerfest_2019_53\" alt=\"\"    itemprop=\"thumbnailUrl\" ><div class='av-inner-masonry-sizer'><\/div><figure class='av-inner-masonry main_color'><div class=\"av-masonry-outerimage-container\"><div class='av-masonry-image-container'   ><img decoding=\"async\" width=\"529\" height=\"705\" class=\"wp-image-2863 avia-img-lazy-loading-not-2863\"  src=\"https:\/\/www.kitachinderwaelt.ch\/wp-content\/uploads\/2019\/09\/Kita-Chinderwaelt_Sommerfest_2019_53-529x705.jpg\" title=\"Kita-Chinderwaelt_Sommerfest_2019_53\" alt=\"\" srcset=\"https:\/\/www.kitachinderwaelt.ch\/wp-content\/uploads\/2019\/09\/Kita-Chinderwaelt_Sommerfest_2019_53-529x705.jpg 529w, https:\/\/www.kitachinderwaelt.ch\/wp-content\/uploads\/2019\/09\/Kita-Chinderwaelt_Sommerfest_2019_53-60x80.jpg 60w, https:\/\/www.kitachinderwaelt.ch\/wp-content\/uploads\/2019\/09\/Kita-Chinderwaelt_Sommerfest_2019_53-225x300.jpg 225w, https:\/\/www.kitachinderwaelt.ch\/wp-content\/uploads\/2019\/09\/Kita-Chinderwaelt_Sommerfest_2019_53-768x1024.jpg 768w, https:\/\/www.kitachinderwaelt.ch\/wp-content\/uploads\/2019\/09\/Kita-Chinderwaelt_Sommerfest_2019_53-773x1030.jpg 773w, https:\/\/www.kitachinderwaelt.ch\/wp-content\/uploads\/2019\/09\/Kita-Chinderwaelt_Sommerfest_2019_53-1125x1500.jpg 1125w, https:\/\/www.kitachinderwaelt.ch\/wp-content\/uploads\/2019\/09\/Kita-Chinderwaelt_Sommerfest_2019_53-450x600.jpg 450w\" sizes=\"(max-width: 529px) 100vw, 529px\" \/><\/div><\/div><\/figure><\/a><!--end av-masonry entry--><a href=\"https:\/\/www.kitachinderwaelt.ch\/wp-content\/uploads\/2019\/09\/Kita-Chinderwaelt_Sommerfest_2019_56-773x1030.jpg\" data-srcset=\"https:\/\/www.kitachinderwaelt.ch\/wp-content\/uploads\/2019\/09\/Kita-Chinderwaelt_Sommerfest_2019_56-773x1030.jpg 773w, https:\/\/www.kitachinderwaelt.ch\/wp-content\/uploads\/2019\/09\/Kita-Chinderwaelt_Sommerfest_2019_56-60x80.jpg 60w, https:\/\/www.kitachinderwaelt.ch\/wp-content\/uploads\/2019\/09\/Kita-Chinderwaelt_Sommerfest_2019_56-225x300.jpg 225w, https:\/\/www.kitachinderwaelt.ch\/wp-content\/uploads\/2019\/09\/Kita-Chinderwaelt_Sommerfest_2019_56-768x1024.jpg 768w, https:\/\/www.kitachinderwaelt.ch\/wp-content\/uploads\/2019\/09\/Kita-Chinderwaelt_Sommerfest_2019_56-1125x1500.jpg 1125w, https:\/\/www.kitachinderwaelt.ch\/wp-content\/uploads\/2019\/09\/Kita-Chinderwaelt_Sommerfest_2019_56-529x705.jpg 529w, https:\/\/www.kitachinderwaelt.ch\/wp-content\/uploads\/2019\/09\/Kita-Chinderwaelt_Sommerfest_2019_56-450x600.jpg 450w\" data-sizes=\"(max-width: 773px) 100vw, 773px\"  aria-label=\"image Kita-Chinderwaelt_Sommerfest_2019_56\"  id='av-masonry-1-item-2861' data-av-masonry-item='2861' class='av-masonry-entry isotope-item post-2861 attachment type-attachment status-inherit hentry  av-masonry-item-with-image' title=\"Kita-Chinderwaelt_Sommerfest_2019_56\" alt=\"\"    itemprop=\"thumbnailUrl\" ><div class='av-inner-masonry-sizer'><\/div><figure class='av-inner-masonry main_color'><div class=\"av-masonry-outerimage-container\"><div class='av-masonry-image-container'   ><img decoding=\"async\" width=\"529\" height=\"705\" class=\"wp-image-2861 avia-img-lazy-loading-not-2861\"  src=\"https:\/\/www.kitachinderwaelt.ch\/wp-content\/uploads\/2019\/09\/Kita-Chinderwaelt_Sommerfest_2019_56-529x705.jpg\" title=\"Kita-Chinderwaelt_Sommerfest_2019_56\" alt=\"\" srcset=\"https:\/\/www.kitachinderwaelt.ch\/wp-content\/uploads\/2019\/09\/Kita-Chinderwaelt_Sommerfest_2019_56-529x705.jpg 529w, https:\/\/www.kitachinderwaelt.ch\/wp-content\/uploads\/2019\/09\/Kita-Chinderwaelt_Sommerfest_2019_56-60x80.jpg 60w, https:\/\/www.kitachinderwaelt.ch\/wp-content\/uploads\/2019\/09\/Kita-Chinderwaelt_Sommerfest_2019_56-225x300.jpg 225w, https:\/\/www.kitachinderwaelt.ch\/wp-content\/uploads\/2019\/09\/Kita-Chinderwaelt_Sommerfest_2019_56-768x1024.jpg 768w, https:\/\/www.kitachinderwaelt.ch\/wp-content\/uploads\/2019\/09\/Kita-Chinderwaelt_Sommerfest_2019_56-773x1030.jpg 773w, https:\/\/www.kitachinderwaelt.ch\/wp-content\/uploads\/2019\/09\/Kita-Chinderwaelt_Sommerfest_2019_56-1125x1500.jpg 1125w, https:\/\/www.kitachinderwaelt.ch\/wp-content\/uploads\/2019\/09\/Kita-Chinderwaelt_Sommerfest_2019_56-450x600.jpg 450w\" sizes=\"(max-width: 529px) 100vw, 529px\" \/><\/div><\/div><\/figure><\/a><!--end av-masonry entry--><a href=\"https:\/\/www.kitachinderwaelt.ch\/wp-content\/uploads\/2019\/09\/Kita-Chinderwaelt_Sommerfest_2019_6.jpg\" data-srcset=\"https:\/\/www.kitachinderwaelt.ch\/wp-content\/uploads\/2019\/09\/Kita-Chinderwaelt_Sommerfest_2019_6.jpg 1029w, https:\/\/www.kitachinderwaelt.ch\/wp-content\/uploads\/2019\/09\/Kita-Chinderwaelt_Sommerfest_2019_6-80x53.jpg 80w, https:\/\/www.kitachinderwaelt.ch\/wp-content\/uploads\/2019\/09\/Kita-Chinderwaelt_Sommerfest_2019_6-300x199.jpg 300w, https:\/\/www.kitachinderwaelt.ch\/wp-content\/uploads\/2019\/09\/Kita-Chinderwaelt_Sommerfest_2019_6-768x511.jpg 768w, https:\/\/www.kitachinderwaelt.ch\/wp-content\/uploads\/2019\/09\/Kita-Chinderwaelt_Sommerfest_2019_6-705x469.jpg 705w, https:\/\/www.kitachinderwaelt.ch\/wp-content\/uploads\/2019\/09\/Kita-Chinderwaelt_Sommerfest_2019_6-450x299.jpg 450w\" data-sizes=\"(max-width: 1029px) 100vw, 1029px\"  aria-label=\"image Kita-Chinderwaelt_Sommerfest_2019_6\"  id='av-masonry-1-item-2860' data-av-masonry-item='2860' class='av-masonry-entry isotope-item post-2860 attachment type-attachment status-inherit hentry  av-masonry-item-with-image' title=\"Kita-Chinderwaelt_Sommerfest_2019_6\" alt=\"\"    itemprop=\"thumbnailUrl\" ><div class='av-inner-masonry-sizer'><\/div><figure class='av-inner-masonry main_color'><div class=\"av-masonry-outerimage-container\"><div class='av-masonry-image-container'   ><img decoding=\"async\" width=\"705\" height=\"469\" class=\"wp-image-2860 avia-img-lazy-loading-not-2860\"  src=\"https:\/\/www.kitachinderwaelt.ch\/wp-content\/uploads\/2019\/09\/Kita-Chinderwaelt_Sommerfest_2019_6-705x469.jpg\" title=\"Kita-Chinderwaelt_Sommerfest_2019_6\" alt=\"\" srcset=\"https:\/\/www.kitachinderwaelt.ch\/wp-content\/uploads\/2019\/09\/Kita-Chinderwaelt_Sommerfest_2019_6-705x469.jpg 705w, https:\/\/www.kitachinderwaelt.ch\/wp-content\/uploads\/2019\/09\/Kita-Chinderwaelt_Sommerfest_2019_6-80x53.jpg 80w, https:\/\/www.kitachinderwaelt.ch\/wp-content\/uploads\/2019\/09\/Kita-Chinderwaelt_Sommerfest_2019_6-300x199.jpg 300w, https:\/\/www.kitachinderwaelt.ch\/wp-content\/uploads\/2019\/09\/Kita-Chinderwaelt_Sommerfest_2019_6-768x511.jpg 768w, https:\/\/www.kitachinderwaelt.ch\/wp-content\/uploads\/2019\/09\/Kita-Chinderwaelt_Sommerfest_2019_6-450x299.jpg 450w, https:\/\/www.kitachinderwaelt.ch\/wp-content\/uploads\/2019\/09\/Kita-Chinderwaelt_Sommerfest_2019_6.jpg 1029w\" sizes=\"(max-width: 705px) 100vw, 705px\" \/><\/div><\/div><\/figure><\/a><!--end av-masonry entry--><a href=\"https:\/\/www.kitachinderwaelt.ch\/wp-content\/uploads\/2019\/09\/Kita-Chinderwaelt_Sommerfest_2019_8.jpg\" data-srcset=\"https:\/\/www.kitachinderwaelt.ch\/wp-content\/uploads\/2019\/09\/Kita-Chinderwaelt_Sommerfest_2019_8.jpg 1029w, https:\/\/www.kitachinderwaelt.ch\/wp-content\/uploads\/2019\/09\/Kita-Chinderwaelt_Sommerfest_2019_8-80x53.jpg 80w, https:\/\/www.kitachinderwaelt.ch\/wp-content\/uploads\/2019\/09\/Kita-Chinderwaelt_Sommerfest_2019_8-300x199.jpg 300w, https:\/\/www.kitachinderwaelt.ch\/wp-content\/uploads\/2019\/09\/Kita-Chinderwaelt_Sommerfest_2019_8-768x511.jpg 768w, https:\/\/www.kitachinderwaelt.ch\/wp-content\/uploads\/2019\/09\/Kita-Chinderwaelt_Sommerfest_2019_8-705x469.jpg 705w, https:\/\/www.kitachinderwaelt.ch\/wp-content\/uploads\/2019\/09\/Kita-Chinderwaelt_Sommerfest_2019_8-450x299.jpg 450w\" data-sizes=\"(max-width: 1029px) 100vw, 1029px\"  aria-label=\"image Kita-Chinderwaelt_Sommerfest_2019_8\"  id='av-masonry-1-item-2859' data-av-masonry-item='2859' class='av-masonry-entry isotope-item post-2859 attachment type-attachment status-inherit hentry  av-masonry-item-with-image' title=\"Kita-Chinderwaelt_Sommerfest_2019_8\" alt=\"\"    itemprop=\"thumbnailUrl\" ><div class='av-inner-masonry-sizer'><\/div><figure class='av-inner-masonry main_color'><div class=\"av-masonry-outerimage-container\"><div class='av-masonry-image-container'   ><img decoding=\"async\" width=\"705\" height=\"469\" class=\"wp-image-2859 avia-img-lazy-loading-not-2859\"  src=\"https:\/\/www.kitachinderwaelt.ch\/wp-content\/uploads\/2019\/09\/Kita-Chinderwaelt_Sommerfest_2019_8-705x469.jpg\" title=\"Kita-Chinderwaelt_Sommerfest_2019_8\" alt=\"\" srcset=\"https:\/\/www.kitachinderwaelt.ch\/wp-content\/uploads\/2019\/09\/Kita-Chinderwaelt_Sommerfest_2019_8-705x469.jpg 705w, https:\/\/www.kitachinderwaelt.ch\/wp-content\/uploads\/2019\/09\/Kita-Chinderwaelt_Sommerfest_2019_8-80x53.jpg 80w, https:\/\/www.kitachinderwaelt.ch\/wp-content\/uploads\/2019\/09\/Kita-Chinderwaelt_Sommerfest_2019_8-300x199.jpg 300w, https:\/\/www.kitachinderwaelt.ch\/wp-content\/uploads\/2019\/09\/Kita-Chinderwaelt_Sommerfest_2019_8-768x511.jpg 768w, https:\/\/www.kitachinderwaelt.ch\/wp-content\/uploads\/2019\/09\/Kita-Chinderwaelt_Sommerfest_2019_8-450x299.jpg 450w, https:\/\/www.kitachinderwaelt.ch\/wp-content\/uploads\/2019\/09\/Kita-Chinderwaelt_Sommerfest_2019_8.jpg 1029w\" sizes=\"(max-width: 705px) 100vw, 705px\" \/><\/div><\/div><\/figure><\/a><!--end av-masonry entry--><a href=\"https:\/\/www.kitachinderwaelt.ch\/wp-content\/uploads\/2019\/09\/Kita-Chinderwaelt_Sommerfest_2019_9.jpg\" data-srcset=\"https:\/\/www.kitachinderwaelt.ch\/wp-content\/uploads\/2019\/09\/Kita-Chinderwaelt_Sommerfest_2019_9.jpg 1029w, https:\/\/www.kitachinderwaelt.ch\/wp-content\/uploads\/2019\/09\/Kita-Chinderwaelt_Sommerfest_2019_9-80x53.jpg 80w, https:\/\/www.kitachinderwaelt.ch\/wp-content\/uploads\/2019\/09\/Kita-Chinderwaelt_Sommerfest_2019_9-300x199.jpg 300w, https:\/\/www.kitachinderwaelt.ch\/wp-content\/uploads\/2019\/09\/Kita-Chinderwaelt_Sommerfest_2019_9-768x511.jpg 768w, https:\/\/www.kitachinderwaelt.ch\/wp-content\/uploads\/2019\/09\/Kita-Chinderwaelt_Sommerfest_2019_9-705x469.jpg 705w, https:\/\/www.kitachinderwaelt.ch\/wp-content\/uploads\/2019\/09\/Kita-Chinderwaelt_Sommerfest_2019_9-450x299.jpg 450w\" data-sizes=\"(max-width: 1029px) 100vw, 1029px\"  aria-label=\"image Kita-Chinderwaelt_Sommerfest_2019_9\"  id='av-masonry-1-item-2857' data-av-masonry-item='2857' class='av-masonry-entry isotope-item post-2857 attachment type-attachment status-inherit hentry  av-masonry-item-with-image' title=\"Kita-Chinderwaelt_Sommerfest_2019_9\" alt=\"\"    itemprop=\"thumbnailUrl\" ><div class='av-inner-masonry-sizer'><\/div><figure class='av-inner-masonry main_color'><div class=\"av-masonry-outerimage-container\"><div class='av-masonry-image-container'   ><img decoding=\"async\" width=\"705\" height=\"469\" class=\"wp-image-2857 avia-img-lazy-loading-not-2857\"  src=\"https:\/\/www.kitachinderwaelt.ch\/wp-content\/uploads\/2019\/09\/Kita-Chinderwaelt_Sommerfest_2019_9-705x469.jpg\" title=\"Kita-Chinderwaelt_Sommerfest_2019_9\" alt=\"\" srcset=\"https:\/\/www.kitachinderwaelt.ch\/wp-content\/uploads\/2019\/09\/Kita-Chinderwaelt_Sommerfest_2019_9-705x469.jpg 705w, https:\/\/www.kitachinderwaelt.ch\/wp-content\/uploads\/2019\/09\/Kita-Chinderwaelt_Sommerfest_2019_9-80x53.jpg 80w, https:\/\/www.kitachinderwaelt.ch\/wp-content\/uploads\/2019\/09\/Kita-Chinderwaelt_Sommerfest_2019_9-300x199.jpg 300w, https:\/\/www.kitachinderwaelt.ch\/wp-content\/uploads\/2019\/09\/Kita-Chinderwaelt_Sommerfest_2019_9-768x511.jpg 768w, https:\/\/www.kitachinderwaelt.ch\/wp-content\/uploads\/2019\/09\/Kita-Chinderwaelt_Sommerfest_2019_9-450x299.jpg 450w, https:\/\/www.kitachinderwaelt.ch\/wp-content\/uploads\/2019\/09\/Kita-Chinderwaelt_Sommerfest_2019_9.jpg 1029w\" sizes=\"(max-width: 705px) 100vw, 705px\" \/><\/div><\/div><\/figure><\/a><!--end av-masonry entry--><a href=\"https:\/\/www.kitachinderwaelt.ch\/wp-content\/uploads\/2019\/09\/Kita-Chinderwaelt_Sommerfest_2019_48-1030x773.jpg\" data-srcset=\"https:\/\/www.kitachinderwaelt.ch\/wp-content\/uploads\/2019\/09\/Kita-Chinderwaelt_Sommerfest_2019_48-1030x773.jpg 1030w, https:\/\/www.kitachinderwaelt.ch\/wp-content\/uploads\/2019\/09\/Kita-Chinderwaelt_Sommerfest_2019_48-80x60.jpg 80w, https:\/\/www.kitachinderwaelt.ch\/wp-content\/uploads\/2019\/09\/Kita-Chinderwaelt_Sommerfest_2019_48-300x225.jpg 300w, https:\/\/www.kitachinderwaelt.ch\/wp-content\/uploads\/2019\/09\/Kita-Chinderwaelt_Sommerfest_2019_48-768x576.jpg 768w, https:\/\/www.kitachinderwaelt.ch\/wp-content\/uploads\/2019\/09\/Kita-Chinderwaelt_Sommerfest_2019_48-1500x1125.jpg 1500w, https:\/\/www.kitachinderwaelt.ch\/wp-content\/uploads\/2019\/09\/Kita-Chinderwaelt_Sommerfest_2019_48-705x529.jpg 705w, https:\/\/www.kitachinderwaelt.ch\/wp-content\/uploads\/2019\/09\/Kita-Chinderwaelt_Sommerfest_2019_48-450x338.jpg 450w, https:\/\/www.kitachinderwaelt.ch\/wp-content\/uploads\/2019\/09\/Kita-Chinderwaelt_Sommerfest_2019_48.jpg 2000w\" data-sizes=\"(max-width: 1030px) 100vw, 1030px\"  aria-label=\"image Kita-Chinderwaelt_Sommerfest_2019_48\"  id='av-masonry-1-item-2856' data-av-masonry-item='2856' class='av-masonry-entry isotope-item post-2856 attachment type-attachment status-inherit hentry  av-masonry-item-with-image' title=\"Kita-Chinderwaelt_Sommerfest_2019_48\" alt=\"\"    itemprop=\"thumbnailUrl\" ><div class='av-inner-masonry-sizer'><\/div><figure class='av-inner-masonry main_color'><div class=\"av-masonry-outerimage-container\"><div class='av-masonry-image-container'   ><img decoding=\"async\" width=\"705\" height=\"529\" class=\"wp-image-2856 avia-img-lazy-loading-not-2856\"  src=\"https:\/\/www.kitachinderwaelt.ch\/wp-content\/uploads\/2019\/09\/Kita-Chinderwaelt_Sommerfest_2019_48-705x529.jpg\" title=\"Kita-Chinderwaelt_Sommerfest_2019_48\" alt=\"\" srcset=\"https:\/\/www.kitachinderwaelt.ch\/wp-content\/uploads\/2019\/09\/Kita-Chinderwaelt_Sommerfest_2019_48-705x529.jpg 705w, https:\/\/www.kitachinderwaelt.ch\/wp-content\/uploads\/2019\/09\/Kita-Chinderwaelt_Sommerfest_2019_48-80x60.jpg 80w, https:\/\/www.kitachinderwaelt.ch\/wp-content\/uploads\/2019\/09\/Kita-Chinderwaelt_Sommerfest_2019_48-300x225.jpg 300w, https:\/\/www.kitachinderwaelt.ch\/wp-content\/uploads\/2019\/09\/Kita-Chinderwaelt_Sommerfest_2019_48-768x576.jpg 768w, https:\/\/www.kitachinderwaelt.ch\/wp-content\/uploads\/2019\/09\/Kita-Chinderwaelt_Sommerfest_2019_48-1030x773.jpg 1030w, https:\/\/www.kitachinderwaelt.ch\/wp-content\/uploads\/2019\/09\/Kita-Chinderwaelt_Sommerfest_2019_48-1500x1125.jpg 1500w, https:\/\/www.kitachinderwaelt.ch\/wp-content\/uploads\/2019\/09\/Kita-Chinderwaelt_Sommerfest_2019_48-450x338.jpg 450w, https:\/\/www.kitachinderwaelt.ch\/wp-content\/uploads\/2019\/09\/Kita-Chinderwaelt_Sommerfest_2019_48.jpg 2000w\" sizes=\"(max-width: 705px) 100vw, 705px\" \/><\/div><\/div><\/figure><\/a><!--end av-masonry entry--><a href=\"https:\/\/www.kitachinderwaelt.ch\/wp-content\/uploads\/2019\/09\/Kita-Chinderwaelt_Sommerfest_2019_49-1030x773.jpg\" data-srcset=\"https:\/\/www.kitachinderwaelt.ch\/wp-content\/uploads\/2019\/09\/Kita-Chinderwaelt_Sommerfest_2019_49-1030x773.jpg 1030w, https:\/\/www.kitachinderwaelt.ch\/wp-content\/uploads\/2019\/09\/Kita-Chinderwaelt_Sommerfest_2019_49-80x60.jpg 80w, https:\/\/www.kitachinderwaelt.ch\/wp-content\/uploads\/2019\/09\/Kita-Chinderwaelt_Sommerfest_2019_49-300x225.jpg 300w, https:\/\/www.kitachinderwaelt.ch\/wp-content\/uploads\/2019\/09\/Kita-Chinderwaelt_Sommerfest_2019_49-768x576.jpg 768w, https:\/\/www.kitachinderwaelt.ch\/wp-content\/uploads\/2019\/09\/Kita-Chinderwaelt_Sommerfest_2019_49-1500x1125.jpg 1500w, https:\/\/www.kitachinderwaelt.ch\/wp-content\/uploads\/2019\/09\/Kita-Chinderwaelt_Sommerfest_2019_49-705x529.jpg 705w, https:\/\/www.kitachinderwaelt.ch\/wp-content\/uploads\/2019\/09\/Kita-Chinderwaelt_Sommerfest_2019_49-450x338.jpg 450w, https:\/\/www.kitachinderwaelt.ch\/wp-content\/uploads\/2019\/09\/Kita-Chinderwaelt_Sommerfest_2019_49.jpg 2000w\" data-sizes=\"(max-width: 1030px) 100vw, 1030px\"  aria-label=\"image Kita-Chinderwaelt_Sommerfest_2019_49\"  id='av-masonry-1-item-2855' data-av-masonry-item='2855' class='av-masonry-entry isotope-item post-2855 attachment type-attachment status-inherit hentry  av-masonry-item-with-image' title=\"Kita-Chinderwaelt_Sommerfest_2019_49\" alt=\"\"    itemprop=\"thumbnailUrl\" ><div class='av-inner-masonry-sizer'><\/div><figure class='av-inner-masonry main_color'><div class=\"av-masonry-outerimage-container\"><div class='av-masonry-image-container'   ><img decoding=\"async\" width=\"705\" height=\"529\" class=\"wp-image-2855 avia-img-lazy-loading-not-2855\"  src=\"https:\/\/www.kitachinderwaelt.ch\/wp-content\/uploads\/2019\/09\/Kita-Chinderwaelt_Sommerfest_2019_49-705x529.jpg\" title=\"Kita-Chinderwaelt_Sommerfest_2019_49\" alt=\"\" srcset=\"https:\/\/www.kitachinderwaelt.ch\/wp-content\/uploads\/2019\/09\/Kita-Chinderwaelt_Sommerfest_2019_49-705x529.jpg 705w, https:\/\/www.kitachinderwaelt.ch\/wp-content\/uploads\/2019\/09\/Kita-Chinderwaelt_Sommerfest_2019_49-80x60.jpg 80w, https:\/\/www.kitachinderwaelt.ch\/wp-content\/uploads\/2019\/09\/Kita-Chinderwaelt_Sommerfest_2019_49-300x225.jpg 300w, https:\/\/www.kitachinderwaelt.ch\/wp-content\/uploads\/2019\/09\/Kita-Chinderwaelt_Sommerfest_2019_49-768x576.jpg 768w, https:\/\/www.kitachinderwaelt.ch\/wp-content\/uploads\/2019\/09\/Kita-Chinderwaelt_Sommerfest_2019_49-1030x773.jpg 1030w, https:\/\/www.kitachinderwaelt.ch\/wp-content\/uploads\/2019\/09\/Kita-Chinderwaelt_Sommerfest_2019_49-1500x1125.jpg 1500w, https:\/\/www.kitachinderwaelt.ch\/wp-content\/uploads\/2019\/09\/Kita-Chinderwaelt_Sommerfest_2019_49-450x338.jpg 450w, https:\/\/www.kitachinderwaelt.ch\/wp-content\/uploads\/2019\/09\/Kita-Chinderwaelt_Sommerfest_2019_49.jpg 2000w\" sizes=\"(max-width: 705px) 100vw, 705px\" \/><\/div><\/div><\/figure><\/a><!--end av-masonry entry--><a href=\"https:\/\/www.kitachinderwaelt.ch\/wp-content\/uploads\/2019\/09\/Kita-Chinderwaelt_Sommerfest_2019_50-1030x773.jpg\" data-srcset=\"https:\/\/www.kitachinderwaelt.ch\/wp-content\/uploads\/2019\/09\/Kita-Chinderwaelt_Sommerfest_2019_50-1030x773.jpg 1030w, https:\/\/www.kitachinderwaelt.ch\/wp-content\/uploads\/2019\/09\/Kita-Chinderwaelt_Sommerfest_2019_50-80x60.jpg 80w, https:\/\/www.kitachinderwaelt.ch\/wp-content\/uploads\/2019\/09\/Kita-Chinderwaelt_Sommerfest_2019_50-300x225.jpg 300w, https:\/\/www.kitachinderwaelt.ch\/wp-content\/uploads\/2019\/09\/Kita-Chinderwaelt_Sommerfest_2019_50-768x576.jpg 768w, https:\/\/www.kitachinderwaelt.ch\/wp-content\/uploads\/2019\/09\/Kita-Chinderwaelt_Sommerfest_2019_50-1500x1125.jpg 1500w, https:\/\/www.kitachinderwaelt.ch\/wp-content\/uploads\/2019\/09\/Kita-Chinderwaelt_Sommerfest_2019_50-705x529.jpg 705w, https:\/\/www.kitachinderwaelt.ch\/wp-content\/uploads\/2019\/09\/Kita-Chinderwaelt_Sommerfest_2019_50-450x338.jpg 450w, https:\/\/www.kitachinderwaelt.ch\/wp-content\/uploads\/2019\/09\/Kita-Chinderwaelt_Sommerfest_2019_50.jpg 2000w\" data-sizes=\"(max-width: 1030px) 100vw, 1030px\"  aria-label=\"image Kita-Chinderwaelt_Sommerfest_2019_50\"  id='av-masonry-1-item-2854' data-av-masonry-item='2854' class='av-masonry-entry isotope-item post-2854 attachment type-attachment status-inherit hentry  av-masonry-item-with-image' title=\"Kita-Chinderwaelt_Sommerfest_2019_50\" alt=\"\"    itemprop=\"thumbnailUrl\" ><div class='av-inner-masonry-sizer'><\/div><figure class='av-inner-masonry main_color'><div class=\"av-masonry-outerimage-container\"><div class='av-masonry-image-container'   ><img decoding=\"async\" width=\"705\" height=\"529\" class=\"wp-image-2854 avia-img-lazy-loading-not-2854\"  src=\"https:\/\/www.kitachinderwaelt.ch\/wp-content\/uploads\/2019\/09\/Kita-Chinderwaelt_Sommerfest_2019_50-705x529.jpg\" title=\"Kita-Chinderwaelt_Sommerfest_2019_50\" alt=\"\" srcset=\"https:\/\/www.kitachinderwaelt.ch\/wp-content\/uploads\/2019\/09\/Kita-Chinderwaelt_Sommerfest_2019_50-705x529.jpg 705w, https:\/\/www.kitachinderwaelt.ch\/wp-content\/uploads\/2019\/09\/Kita-Chinderwaelt_Sommerfest_2019_50-80x60.jpg 80w, https:\/\/www.kitachinderwaelt.ch\/wp-content\/uploads\/2019\/09\/Kita-Chinderwaelt_Sommerfest_2019_50-300x225.jpg 300w, https:\/\/www.kitachinderwaelt.ch\/wp-content\/uploads\/2019\/09\/Kita-Chinderwaelt_Sommerfest_2019_50-768x576.jpg 768w, https:\/\/www.kitachinderwaelt.ch\/wp-content\/uploads\/2019\/09\/Kita-Chinderwaelt_Sommerfest_2019_50-1030x773.jpg 1030w, https:\/\/www.kitachinderwaelt.ch\/wp-content\/uploads\/2019\/09\/Kita-Chinderwaelt_Sommerfest_2019_50-1500x1125.jpg 1500w, https:\/\/www.kitachinderwaelt.ch\/wp-content\/uploads\/2019\/09\/Kita-Chinderwaelt_Sommerfest_2019_50-450x338.jpg 450w, https:\/\/www.kitachinderwaelt.ch\/wp-content\/uploads\/2019\/09\/Kita-Chinderwaelt_Sommerfest_2019_50.jpg 2000w\" sizes=\"(max-width: 705px) 100vw, 705px\" \/><\/div><\/div><\/figure><\/a><!--end av-masonry entry--><a href=\"https:\/\/www.kitachinderwaelt.ch\/wp-content\/uploads\/2019\/09\/Kita-Chinderwaelt_Sommerfest_2019_51-773x1030.jpg\" data-srcset=\"https:\/\/www.kitachinderwaelt.ch\/wp-content\/uploads\/2019\/09\/Kita-Chinderwaelt_Sommerfest_2019_51-773x1030.jpg 773w, https:\/\/www.kitachinderwaelt.ch\/wp-content\/uploads\/2019\/09\/Kita-Chinderwaelt_Sommerfest_2019_51-60x80.jpg 60w, https:\/\/www.kitachinderwaelt.ch\/wp-content\/uploads\/2019\/09\/Kita-Chinderwaelt_Sommerfest_2019_51-225x300.jpg 225w, https:\/\/www.kitachinderwaelt.ch\/wp-content\/uploads\/2019\/09\/Kita-Chinderwaelt_Sommerfest_2019_51-768x1024.jpg 768w, https:\/\/www.kitachinderwaelt.ch\/wp-content\/uploads\/2019\/09\/Kita-Chinderwaelt_Sommerfest_2019_51-1125x1500.jpg 1125w, https:\/\/www.kitachinderwaelt.ch\/wp-content\/uploads\/2019\/09\/Kita-Chinderwaelt_Sommerfest_2019_51-529x705.jpg 529w, https:\/\/www.kitachinderwaelt.ch\/wp-content\/uploads\/2019\/09\/Kita-Chinderwaelt_Sommerfest_2019_51-450x600.jpg 450w, https:\/\/www.kitachinderwaelt.ch\/wp-content\/uploads\/2019\/09\/Kita-Chinderwaelt_Sommerfest_2019_51.jpg 1500w\" data-sizes=\"(max-width: 773px) 100vw, 773px\"  aria-label=\"image Kita-Chinderwaelt_Sommerfest_2019_51\"  id='av-masonry-1-item-2853' data-av-masonry-item='2853' class='av-masonry-entry isotope-item post-2853 attachment type-attachment status-inherit hentry  av-masonry-item-with-image' title=\"Kita-Chinderwaelt_Sommerfest_2019_51\" alt=\"\"    itemprop=\"thumbnailUrl\" ><div class='av-inner-masonry-sizer'><\/div><figure class='av-inner-masonry main_color'><div class=\"av-masonry-outerimage-container\"><div class='av-masonry-image-container'   ><img decoding=\"async\" width=\"529\" height=\"705\" class=\"wp-image-2853 avia-img-lazy-loading-not-2853\"  src=\"https:\/\/www.kitachinderwaelt.ch\/wp-content\/uploads\/2019\/09\/Kita-Chinderwaelt_Sommerfest_2019_51-529x705.jpg\" title=\"Kita-Chinderwaelt_Sommerfest_2019_51\" alt=\"\" srcset=\"https:\/\/www.kitachinderwaelt.ch\/wp-content\/uploads\/2019\/09\/Kita-Chinderwaelt_Sommerfest_2019_51-529x705.jpg 529w, https:\/\/www.kitachinderwaelt.ch\/wp-content\/uploads\/2019\/09\/Kita-Chinderwaelt_Sommerfest_2019_51-60x80.jpg 60w, https:\/\/www.kitachinderwaelt.ch\/wp-content\/uploads\/2019\/09\/Kita-Chinderwaelt_Sommerfest_2019_51-225x300.jpg 225w, https:\/\/www.kitachinderwaelt.ch\/wp-content\/uploads\/2019\/09\/Kita-Chinderwaelt_Sommerfest_2019_51-768x1024.jpg 768w, https:\/\/www.kitachinderwaelt.ch\/wp-content\/uploads\/2019\/09\/Kita-Chinderwaelt_Sommerfest_2019_51-773x1030.jpg 773w, https:\/\/www.kitachinderwaelt.ch\/wp-content\/uploads\/2019\/09\/Kita-Chinderwaelt_Sommerfest_2019_51-1125x1500.jpg 1125w, https:\/\/www.kitachinderwaelt.ch\/wp-content\/uploads\/2019\/09\/Kita-Chinderwaelt_Sommerfest_2019_51-450x600.jpg 450w, https:\/\/www.kitachinderwaelt.ch\/wp-content\/uploads\/2019\/09\/Kita-Chinderwaelt_Sommerfest_2019_51.jpg 1500w\" sizes=\"(max-width: 529px) 100vw, 529px\" \/><\/div><\/div><\/figure><\/a><!--end av-masonry entry--><a href=\"https:\/\/www.kitachinderwaelt.ch\/wp-content\/uploads\/2019\/09\/Kita-Chinderwaelt_Sommerfest_2019_40-1030x474.jpg\" data-srcset=\"https:\/\/www.kitachinderwaelt.ch\/wp-content\/uploads\/2019\/09\/Kita-Chinderwaelt_Sommerfest_2019_40-1030x474.jpg 1030w, https:\/\/www.kitachinderwaelt.ch\/wp-content\/uploads\/2019\/09\/Kita-Chinderwaelt_Sommerfest_2019_40-80x37.jpg 80w, https:\/\/www.kitachinderwaelt.ch\/wp-content\/uploads\/2019\/09\/Kita-Chinderwaelt_Sommerfest_2019_40-300x138.jpg 300w, https:\/\/www.kitachinderwaelt.ch\/wp-content\/uploads\/2019\/09\/Kita-Chinderwaelt_Sommerfest_2019_40-768x354.jpg 768w, https:\/\/www.kitachinderwaelt.ch\/wp-content\/uploads\/2019\/09\/Kita-Chinderwaelt_Sommerfest_2019_40-1500x691.jpg 1500w, https:\/\/www.kitachinderwaelt.ch\/wp-content\/uploads\/2019\/09\/Kita-Chinderwaelt_Sommerfest_2019_40-705x325.jpg 705w, https:\/\/www.kitachinderwaelt.ch\/wp-content\/uploads\/2019\/09\/Kita-Chinderwaelt_Sommerfest_2019_40-450x207.jpg 450w, https:\/\/www.kitachinderwaelt.ch\/wp-content\/uploads\/2019\/09\/Kita-Chinderwaelt_Sommerfest_2019_40.jpg 2000w\" data-sizes=\"(max-width: 1030px) 100vw, 1030px\"  aria-label=\"image Kita-Chinderwaelt_Sommerfest_2019_40\"  id='av-masonry-1-item-2852' data-av-masonry-item='2852' class='av-masonry-entry isotope-item post-2852 attachment type-attachment status-inherit hentry  av-masonry-item-with-image' title=\"Kita-Chinderwaelt_Sommerfest_2019_40\" alt=\"\"    itemprop=\"thumbnailUrl\" ><div class='av-inner-masonry-sizer'><\/div><figure class='av-inner-masonry main_color'><div class=\"av-masonry-outerimage-container\"><div class='av-masonry-image-container'   ><img decoding=\"async\" width=\"705\" height=\"325\" class=\"wp-image-2852 avia-img-lazy-loading-not-2852\"  src=\"https:\/\/www.kitachinderwaelt.ch\/wp-content\/uploads\/2019\/09\/Kita-Chinderwaelt_Sommerfest_2019_40-705x325.jpg\" title=\"Kita-Chinderwaelt_Sommerfest_2019_40\" alt=\"\" srcset=\"https:\/\/www.kitachinderwaelt.ch\/wp-content\/uploads\/2019\/09\/Kita-Chinderwaelt_Sommerfest_2019_40-705x325.jpg 705w, https:\/\/www.kitachinderwaelt.ch\/wp-content\/uploads\/2019\/09\/Kita-Chinderwaelt_Sommerfest_2019_40-80x37.jpg 80w, https:\/\/www.kitachinderwaelt.ch\/wp-content\/uploads\/2019\/09\/Kita-Chinderwaelt_Sommerfest_2019_40-300x138.jpg 300w, https:\/\/www.kitachinderwaelt.ch\/wp-content\/uploads\/2019\/09\/Kita-Chinderwaelt_Sommerfest_2019_40-768x354.jpg 768w, https:\/\/www.kitachinderwaelt.ch\/wp-content\/uploads\/2019\/09\/Kita-Chinderwaelt_Sommerfest_2019_40-1030x474.jpg 1030w, https:\/\/www.kitachinderwaelt.ch\/wp-content\/uploads\/2019\/09\/Kita-Chinderwaelt_Sommerfest_2019_40-1500x691.jpg 1500w, https:\/\/www.kitachinderwaelt.ch\/wp-content\/uploads\/2019\/09\/Kita-Chinderwaelt_Sommerfest_2019_40-450x207.jpg 450w, https:\/\/www.kitachinderwaelt.ch\/wp-content\/uploads\/2019\/09\/Kita-Chinderwaelt_Sommerfest_2019_40.jpg 2000w\" sizes=\"(max-width: 705px) 100vw, 705px\" \/><\/div><\/div><\/figure><\/a><!--end av-masonry entry--><a href=\"https:\/\/www.kitachinderwaelt.ch\/wp-content\/uploads\/2019\/09\/Kita-Chinderwaelt_Sommerfest_2019_54-773x1030.jpg\" data-srcset=\"https:\/\/www.kitachinderwaelt.ch\/wp-content\/uploads\/2019\/09\/Kita-Chinderwaelt_Sommerfest_2019_54-773x1030.jpg 773w, https:\/\/www.kitachinderwaelt.ch\/wp-content\/uploads\/2019\/09\/Kita-Chinderwaelt_Sommerfest_2019_54-60x80.jpg 60w, https:\/\/www.kitachinderwaelt.ch\/wp-content\/uploads\/2019\/09\/Kita-Chinderwaelt_Sommerfest_2019_54-225x300.jpg 225w, https:\/\/www.kitachinderwaelt.ch\/wp-content\/uploads\/2019\/09\/Kita-Chinderwaelt_Sommerfest_2019_54-768x1024.jpg 768w, https:\/\/www.kitachinderwaelt.ch\/wp-content\/uploads\/2019\/09\/Kita-Chinderwaelt_Sommerfest_2019_54-1125x1500.jpg 1125w, https:\/\/www.kitachinderwaelt.ch\/wp-content\/uploads\/2019\/09\/Kita-Chinderwaelt_Sommerfest_2019_54-529x705.jpg 529w, https:\/\/www.kitachinderwaelt.ch\/wp-content\/uploads\/2019\/09\/Kita-Chinderwaelt_Sommerfest_2019_54-450x600.jpg 450w, https:\/\/www.kitachinderwaelt.ch\/wp-content\/uploads\/2019\/09\/Kita-Chinderwaelt_Sommerfest_2019_54.jpg 1500w\" data-sizes=\"(max-width: 773px) 100vw, 773px\"  aria-label=\"image Kita-Chinderwaelt_Sommerfest_2019_54\"  id='av-masonry-1-item-2851' data-av-masonry-item='2851' class='av-masonry-entry isotope-item post-2851 attachment type-attachment status-inherit hentry  av-masonry-item-with-image' title=\"Kita-Chinderwaelt_Sommerfest_2019_54\" alt=\"\"    itemprop=\"thumbnailUrl\" ><div class='av-inner-masonry-sizer'><\/div><figure class='av-inner-masonry main_color'><div class=\"av-masonry-outerimage-container\"><div class='av-masonry-image-container'   ><img decoding=\"async\" width=\"529\" height=\"705\" class=\"wp-image-2851 avia-img-lazy-loading-not-2851\"  src=\"https:\/\/www.kitachinderwaelt.ch\/wp-content\/uploads\/2019\/09\/Kita-Chinderwaelt_Sommerfest_2019_54-529x705.jpg\" title=\"Kita-Chinderwaelt_Sommerfest_2019_54\" alt=\"\" srcset=\"https:\/\/www.kitachinderwaelt.ch\/wp-content\/uploads\/2019\/09\/Kita-Chinderwaelt_Sommerfest_2019_54-529x705.jpg 529w, https:\/\/www.kitachinderwaelt.ch\/wp-content\/uploads\/2019\/09\/Kita-Chinderwaelt_Sommerfest_2019_54-60x80.jpg 60w, https:\/\/www.kitachinderwaelt.ch\/wp-content\/uploads\/2019\/09\/Kita-Chinderwaelt_Sommerfest_2019_54-225x300.jpg 225w, https:\/\/www.kitachinderwaelt.ch\/wp-content\/uploads\/2019\/09\/Kita-Chinderwaelt_Sommerfest_2019_54-768x1024.jpg 768w, https:\/\/www.kitachinderwaelt.ch\/wp-content\/uploads\/2019\/09\/Kita-Chinderwaelt_Sommerfest_2019_54-773x1030.jpg 773w, https:\/\/www.kitachinderwaelt.ch\/wp-content\/uploads\/2019\/09\/Kita-Chinderwaelt_Sommerfest_2019_54-1125x1500.jpg 1125w, https:\/\/www.kitachinderwaelt.ch\/wp-content\/uploads\/2019\/09\/Kita-Chinderwaelt_Sommerfest_2019_54-450x600.jpg 450w, https:\/\/www.kitachinderwaelt.ch\/wp-content\/uploads\/2019\/09\/Kita-Chinderwaelt_Sommerfest_2019_54.jpg 1500w\" sizes=\"(max-width: 529px) 100vw, 529px\" \/><\/div><\/div><\/figure><\/a><!--end av-masonry entry--><a href=\"https:\/\/www.kitachinderwaelt.ch\/wp-content\/uploads\/2019\/09\/Kita-Chinderwaelt_Sommerfest_2019_39-1030x474.jpg\" data-srcset=\"https:\/\/www.kitachinderwaelt.ch\/wp-content\/uploads\/2019\/09\/Kita-Chinderwaelt_Sommerfest_2019_39-1030x474.jpg 1030w, https:\/\/www.kitachinderwaelt.ch\/wp-content\/uploads\/2019\/09\/Kita-Chinderwaelt_Sommerfest_2019_39-80x37.jpg 80w, https:\/\/www.kitachinderwaelt.ch\/wp-content\/uploads\/2019\/09\/Kita-Chinderwaelt_Sommerfest_2019_39-300x138.jpg 300w, https:\/\/www.kitachinderwaelt.ch\/wp-content\/uploads\/2019\/09\/Kita-Chinderwaelt_Sommerfest_2019_39-768x354.jpg 768w, https:\/\/www.kitachinderwaelt.ch\/wp-content\/uploads\/2019\/09\/Kita-Chinderwaelt_Sommerfest_2019_39-1500x691.jpg 1500w, https:\/\/www.kitachinderwaelt.ch\/wp-content\/uploads\/2019\/09\/Kita-Chinderwaelt_Sommerfest_2019_39-705x325.jpg 705w, https:\/\/www.kitachinderwaelt.ch\/wp-content\/uploads\/2019\/09\/Kita-Chinderwaelt_Sommerfest_2019_39-450x207.jpg 450w, https:\/\/www.kitachinderwaelt.ch\/wp-content\/uploads\/2019\/09\/Kita-Chinderwaelt_Sommerfest_2019_39.jpg 2000w\" data-sizes=\"(max-width: 1030px) 100vw, 1030px\"  aria-label=\"image Kita-Chinderwaelt_Sommerfest_2019_39\"  id='av-masonry-1-item-2850' data-av-masonry-item='2850' class='av-masonry-entry isotope-item post-2850 attachment type-attachment status-inherit hentry  av-masonry-item-with-image' title=\"Kita-Chinderwaelt_Sommerfest_2019_39\" alt=\"\"    itemprop=\"thumbnailUrl\" ><div class='av-inner-masonry-sizer'><\/div><figure class='av-inner-masonry main_color'><div class=\"av-masonry-outerimage-container\"><div class='av-masonry-image-container'   ><img decoding=\"async\" width=\"705\" height=\"325\" class=\"wp-image-2850 avia-img-lazy-loading-not-2850\"  src=\"https:\/\/www.kitachinderwaelt.ch\/wp-content\/uploads\/2019\/09\/Kita-Chinderwaelt_Sommerfest_2019_39-705x325.jpg\" title=\"Kita-Chinderwaelt_Sommerfest_2019_39\" alt=\"\" srcset=\"https:\/\/www.kitachinderwaelt.ch\/wp-content\/uploads\/2019\/09\/Kita-Chinderwaelt_Sommerfest_2019_39-705x325.jpg 705w, https:\/\/www.kitachinderwaelt.ch\/wp-content\/uploads\/2019\/09\/Kita-Chinderwaelt_Sommerfest_2019_39-80x37.jpg 80w, https:\/\/www.kitachinderwaelt.ch\/wp-content\/uploads\/2019\/09\/Kita-Chinderwaelt_Sommerfest_2019_39-300x138.jpg 300w, https:\/\/www.kitachinderwaelt.ch\/wp-content\/uploads\/2019\/09\/Kita-Chinderwaelt_Sommerfest_2019_39-768x354.jpg 768w, https:\/\/www.kitachinderwaelt.ch\/wp-content\/uploads\/2019\/09\/Kita-Chinderwaelt_Sommerfest_2019_39-1030x474.jpg 1030w, https:\/\/www.kitachinderwaelt.ch\/wp-content\/uploads\/2019\/09\/Kita-Chinderwaelt_Sommerfest_2019_39-1500x691.jpg 1500w, https:\/\/www.kitachinderwaelt.ch\/wp-content\/uploads\/2019\/09\/Kita-Chinderwaelt_Sommerfest_2019_39-450x207.jpg 450w, https:\/\/www.kitachinderwaelt.ch\/wp-content\/uploads\/2019\/09\/Kita-Chinderwaelt_Sommerfest_2019_39.jpg 2000w\" sizes=\"(max-width: 705px) 100vw, 705px\" \/><\/div><\/div><\/figure><\/a><!--end av-masonry entry--><a href=\"https:\/\/www.kitachinderwaelt.ch\/wp-content\/uploads\/2019\/09\/Kita-Chinderwaelt_Sommerfest_2019_7.jpg\" data-srcset=\"https:\/\/www.kitachinderwaelt.ch\/wp-content\/uploads\/2019\/09\/Kita-Chinderwaelt_Sommerfest_2019_7.jpg 1029w, https:\/\/www.kitachinderwaelt.ch\/wp-content\/uploads\/2019\/09\/Kita-Chinderwaelt_Sommerfest_2019_7-80x53.jpg 80w, https:\/\/www.kitachinderwaelt.ch\/wp-content\/uploads\/2019\/09\/Kita-Chinderwaelt_Sommerfest_2019_7-300x199.jpg 300w, https:\/\/www.kitachinderwaelt.ch\/wp-content\/uploads\/2019\/09\/Kita-Chinderwaelt_Sommerfest_2019_7-768x511.jpg 768w, https:\/\/www.kitachinderwaelt.ch\/wp-content\/uploads\/2019\/09\/Kita-Chinderwaelt_Sommerfest_2019_7-705x469.jpg 705w, https:\/\/www.kitachinderwaelt.ch\/wp-content\/uploads\/2019\/09\/Kita-Chinderwaelt_Sommerfest_2019_7-450x299.jpg 450w\" data-sizes=\"(max-width: 1029px) 100vw, 1029px\"  aria-label=\"image Kita-Chinderwaelt_Sommerfest_2019_7\"  id='av-masonry-1-item-2858' data-av-masonry-item='2858' class='av-masonry-entry isotope-item post-2858 attachment type-attachment status-inherit hentry  av-masonry-item-with-image' title=\"Kita-Chinderwaelt_Sommerfest_2019_7\" alt=\"\"    itemprop=\"thumbnailUrl\" ><div class='av-inner-masonry-sizer'><\/div><figure class='av-inner-masonry main_color'><div class=\"av-masonry-outerimage-container\"><div class='av-masonry-image-container'   ><img decoding=\"async\" width=\"705\" height=\"469\" class=\"wp-image-2858 avia-img-lazy-loading-not-2858\"  src=\"https:\/\/www.kitachinderwaelt.ch\/wp-content\/uploads\/2019\/09\/Kita-Chinderwaelt_Sommerfest_2019_7-705x469.jpg\" title=\"Kita-Chinderwaelt_Sommerfest_2019_7\" alt=\"\" srcset=\"https:\/\/www.kitachinderwaelt.ch\/wp-content\/uploads\/2019\/09\/Kita-Chinderwaelt_Sommerfest_2019_7-705x469.jpg 705w, https:\/\/www.kitachinderwaelt.ch\/wp-content\/uploads\/2019\/09\/Kita-Chinderwaelt_Sommerfest_2019_7-80x53.jpg 80w, https:\/\/www.kitachinderwaelt.ch\/wp-content\/uploads\/2019\/09\/Kita-Chinderwaelt_Sommerfest_2019_7-300x199.jpg 300w, https:\/\/www.kitachinderwaelt.ch\/wp-content\/uploads\/2019\/09\/Kita-Chinderwaelt_Sommerfest_2019_7-768x511.jpg 768w, https:\/\/www.kitachinderwaelt.ch\/wp-content\/uploads\/2019\/09\/Kita-Chinderwaelt_Sommerfest_2019_7-450x299.jpg 450w, https:\/\/www.kitachinderwaelt.ch\/wp-content\/uploads\/2019\/09\/Kita-Chinderwaelt_Sommerfest_2019_7.jpg 1029w\" sizes=\"(max-width: 705px) 100vw, 705px\" \/><\/div><\/div><\/figure><\/a><!--end av-masonry entry--><a href=\"https:\/\/www.kitachinderwaelt.ch\/wp-content\/uploads\/2019\/09\/Kita-Chinderaelt_willkommen-am_Krippenfest_2019-1030x493.jpg\" data-srcset=\"https:\/\/www.kitachinderwaelt.ch\/wp-content\/uploads\/2019\/09\/Kita-Chinderaelt_willkommen-am_Krippenfest_2019-1030x493.jpg 1030w, https:\/\/www.kitachinderwaelt.ch\/wp-content\/uploads\/2019\/09\/Kita-Chinderaelt_willkommen-am_Krippenfest_2019-80x38.jpg 80w, https:\/\/www.kitachinderwaelt.ch\/wp-content\/uploads\/2019\/09\/Kita-Chinderaelt_willkommen-am_Krippenfest_2019-300x143.jpg 300w, https:\/\/www.kitachinderwaelt.ch\/wp-content\/uploads\/2019\/09\/Kita-Chinderaelt_willkommen-am_Krippenfest_2019-768x367.jpg 768w, https:\/\/www.kitachinderwaelt.ch\/wp-content\/uploads\/2019\/09\/Kita-Chinderaelt_willkommen-am_Krippenfest_2019-1500x717.jpg 1500w, https:\/\/www.kitachinderwaelt.ch\/wp-content\/uploads\/2019\/09\/Kita-Chinderaelt_willkommen-am_Krippenfest_2019-705x337.jpg 705w, https:\/\/www.kitachinderwaelt.ch\/wp-content\/uploads\/2019\/09\/Kita-Chinderaelt_willkommen-am_Krippenfest_2019-450x215.jpg 450w\" data-sizes=\"(max-width: 1030px) 100vw, 1030px\"  aria-label=\"image Kita-Chinderaelt_willkommen-am_Krippenfest_2019\"  id='av-masonry-1-item-2903' data-av-masonry-item='2903' class='av-masonry-entry isotope-item post-2903 attachment type-attachment status-inherit hentry  av-masonry-item-with-image' title=\"Kita-Chinderaelt_willkommen-am_Krippenfest_2019\" alt=\"\"    itemprop=\"thumbnailUrl\" ><div class='av-inner-masonry-sizer'><\/div><figure class='av-inner-masonry main_color'><div class=\"av-masonry-outerimage-container\"><div class='av-masonry-image-container'   ><img decoding=\"async\" width=\"705\" height=\"337\" class=\"wp-image-2903 avia-img-lazy-loading-not-2903\"  src=\"https:\/\/www.kitachinderwaelt.ch\/wp-content\/uploads\/2019\/09\/Kita-Chinderaelt_willkommen-am_Krippenfest_2019-705x337.jpg\" title=\"Kita-Chinderaelt_willkommen-am_Krippenfest_2019\" alt=\"\" srcset=\"https:\/\/www.kitachinderwaelt.ch\/wp-content\/uploads\/2019\/09\/Kita-Chinderaelt_willkommen-am_Krippenfest_2019-705x337.jpg 705w, https:\/\/www.kitachinderwaelt.ch\/wp-content\/uploads\/2019\/09\/Kita-Chinderaelt_willkommen-am_Krippenfest_2019-80x38.jpg 80w, https:\/\/www.kitachinderwaelt.ch\/wp-content\/uploads\/2019\/09\/Kita-Chinderaelt_willkommen-am_Krippenfest_2019-300x143.jpg 300w, https:\/\/www.kitachinderwaelt.ch\/wp-content\/uploads\/2019\/09\/Kita-Chinderaelt_willkommen-am_Krippenfest_2019-768x367.jpg 768w, https:\/\/www.kitachinderwaelt.ch\/wp-content\/uploads\/2019\/09\/Kita-Chinderaelt_willkommen-am_Krippenfest_2019-1030x493.jpg 1030w, https:\/\/www.kitachinderwaelt.ch\/wp-content\/uploads\/2019\/09\/Kita-Chinderaelt_willkommen-am_Krippenfest_2019-1500x717.jpg 1500w, https:\/\/www.kitachinderwaelt.ch\/wp-content\/uploads\/2019\/09\/Kita-Chinderaelt_willkommen-am_Krippenfest_2019-450x215.jpg 450w\" sizes=\"(max-width: 705px) 100vw, 705px\" \/><\/div><\/div><\/figure><\/a><!--end av-masonry entry--><\/div><\/div><\/p><\/div>\n","protected":false},"excerpt":{"rendered":"<p>Am letzten Samstag strahlte die Sonne am Sommerfest f\u00fcr uns und verw\u00f6hnte uns mit ihren warmen Strahlen. Zahlreiche Eltern besuchten uns mit ihren Kindern und genossen den Tag unter dem Motto &#8220;Wilder Westen&#8221;.<\/p>\n","protected":false},"author":7,"featured_media":2114,"comment_status":"closed","ping_status":"open","sticky":false,"template":"","format":"standard","meta":{"footnotes":""},"categories":[1],"tags":[],"_links":{"self":[{"href":"https:\/\/www.kitachinderwaelt.ch\/en\/wp-json\/wp\/v2\/posts\/2060"}],"collection":[{"href":"https:\/\/www.kitachinderwaelt.ch\/en\/wp-json\/wp\/v2\/posts"}],"about":[{"href":"https:\/\/www.kitachinderwaelt.ch\/en\/wp-json\/wp\/v2\/types\/post"}],"author":[{"embeddable":true,"href":"https:\/\/www.kitachinderwaelt.ch\/en\/wp-json\/wp\/v2\/users\/7"}],"replies":[{"embeddable":true,"href":"https:\/\/www.kitachinderwaelt.ch\/en\/wp-json\/wp\/v2\/comments?post=2060"}],"version-history":[{"count":13,"href":"https:\/\/www.kitachinderwaelt.ch\/en\/wp-json\/wp\/v2\/posts\/2060\/revisions"}],"predecessor-version":[{"id":2127,"href":"https:\/\/www.kitachinderwaelt.ch\/en\/wp-json\/wp\/v2\/posts\/2060\/revisions\/2127"}],"wp:featuredmedia":[{"embeddable":true,"href":"https:\/\/www.kitachinderwaelt.ch\/en\/wp-json\/wp\/v2\/media\/2114"}],"wp:attachment":[{"href":"https:\/\/www.kitachinderwaelt.ch\/en\/wp-json\/wp\/v2\/media?parent=2060"}],"wp:term":[{"taxonomy":"category","embeddable":true,"href":"https:\/\/www.kitachinderwaelt.ch\/en\/wp-json\/wp\/v2\/categories?post=2060"},{"taxonomy":"post_tag","embeddable":true,"href":"https:\/\/www.kitachinderwaelt.ch\/en\/wp-json\/wp\/v2\/tags?post=2060"}],"curies":[{"name":"wp","href":"https:\/\/api.w.org\/{rel}","templated":true}]}}