{"id":714,"date":"2015-07-21T12:36:02","date_gmt":"2015-07-21T10:36:02","guid":{"rendered":"https:\/\/www.kitachinderwaelt.ch\/?p=714"},"modified":"2022-05-04T15:05:10","modified_gmt":"2022-05-04T13:05:10","slug":"wir-haben-waehrend-51-wochen-fuer-sie-geoeffnet","status":"publish","type":"post","link":"https:\/\/www.kitachinderwaelt.ch\/en\/wir-haben-waehrend-51-wochen-fuer-sie-geoeffnet\/","title":{"rendered":"Wir haben w\u00e4hrend 51 Wochen f\u00fcr Sie ge\u00f6ffnet!"},"content":{"rendered":"<p>Wer kennt das nicht &#8211; Krippen schliessen in den Ferien ihre T\u00fcren!<br \/>\nWie bereits die <a title=\"Aargauer Zeitung\" href=\"http:\/\/www.aargauerzeitung.ch\/aargau\/baden\/krippen-schliessen-in-den-ferien-ihre-tueren-mit-folgen-fuer-die-eltern-129335242\" target=\"_blank\" rel=\"noopener\">Aargauer Zeitung<\/a> am 14. Juli 2015 schrieb, machen viele Kinderkrippen in der Region Baden im Juli zwei Wochen Ferien. Eltern m\u00fcssen sich bei der Ferienplanung entsprechend anpassen.<\/p>\n<p><strong>Nicht so bei uns!<br \/>\nUnsere Kita Chinderw\u00e4lt in D\u00e4ttwil bleibt w\u00e4hrend 51 Wochen und f\u00fcr Sie und Ihre Kinder ge\u00f6ffnet.<\/strong> Weil wir die Problematik der fehlenden Betreuung in den Sommerferien kennen, war es uns von Beginn an ein grosses Anliegen, gerade w\u00e4hrend dieser Zeit den Eltern und Kindern eine durchgehende Betreuung zu bieten. Dies geh\u00f6rt zu unserem unfassenden Betreuungskonzept, welches sich bisher bew\u00e4hrt hat und von den Eltern sehr gesch\u00e4tzt wird.<\/p>\n<p>Lediglich vom 24. Dezember 2015 bis zum 3. Januar 2016 schliessen wir unsere Kita f\u00fcr eine Woche. Es hat sich gezeigt, dass viele Eltern die Weihnachtszeit daheim mit Familie und Kindern geniessen wollen.<\/p>\n<p>Hier finden Sie den <a href=\"http:\/\/www.aargauerzeitung.ch\/aargau\/baden\/krippen-schliessen-in-den-ferien-ihre-tueren-mit-folgen-fuer-die-eltern-129335242\" target=\"_blank\" rel=\"noopener\">Artikel der Aargauer Zeitung<\/a>, in dem wir erw\u00e4hnt wurden.<\/p>\n<p>Und hier finden Sie die aktuelle Liste der <a href=\"https:\/\/www.kitachinderwaelt.ch\/wp-content\/uploads\/2013\/04\/Ferien-Feiertage-2015_2016.pdf\">Ferien- &amp; Feiertage 2015_2016<\/a>.<\/p>\n<p>&nbsp;<\/p>\n<p><img alt=\"\" \/><\/p>\n<p>Quelle: Mario Heller<\/p>\n","protected":false},"excerpt":{"rendered":"<p>Wer kennt das nicht &#8211; Krippen schliessen in den Ferien ihre T\u00fcren! Dies schrieb die Aargauer Zeitung am 14. Juli 2015.<br \/>\nNicht so bei uns! Unsere Kita Chinderw\u00e4lt in D\u00e4ttwil bleibt w\u00e4hrend 51 Wochen und f\u00fcr Sie und Ihre Kinder ge\u00f6ffnet.<\/p>\n","protected":false},"author":6,"featured_media":715,"comment_status":"closed","ping_status":"open","sticky":false,"template":"","format":"standard","meta":{"footnotes":""},"categories":[1],"tags":[],"_links":{"self":[{"href":"https:\/\/www.kitachinderwaelt.ch\/en\/wp-json\/wp\/v2\/posts\/714"}],"collection":[{"href":"https:\/\/www.kitachinderwaelt.ch\/en\/wp-json\/wp\/v2\/posts"}],"about":[{"href":"https:\/\/www.kitachinderwaelt.ch\/en\/wp-json\/wp\/v2\/types\/post"}],"author":[{"embeddable":true,"href":"https:\/\/www.kitachinderwaelt.ch\/en\/wp-json\/wp\/v2\/users\/6"}],"replies":[{"embeddable":true,"href":"https:\/\/www.kitachinderwaelt.ch\/en\/wp-json\/wp\/v2\/comments?post=714"}],"version-history":[{"count":18,"href":"https:\/\/www.kitachinderwaelt.ch\/en\/wp-json\/wp\/v2\/posts\/714\/revisions"}],"predecessor-version":[{"id":3335,"href":"https:\/\/www.kitachinderwaelt.ch\/en\/wp-json\/wp\/v2\/posts\/714\/revisions\/3335"}],"wp:featuredmedia":[{"embeddable":true,"href":"https:\/\/www.kitachinderwaelt.ch\/en\/wp-json\/wp\/v2\/media\/715"}],"wp:attachment":[{"href":"https:\/\/www.kitachinderwaelt.ch\/en\/wp-json\/wp\/v2\/media?parent=714"}],"wp:term":[{"taxonomy":"category","embeddable":true,"href":"https:\/\/www.kitachinderwaelt.ch\/en\/wp-json\/wp\/v2\/categories?post=714"},{"taxonomy":"post_tag","embeddable":true,"href":"https:\/\/www.kitachinderwaelt.ch\/en\/wp-json\/wp\/v2\/tags?post=714"}],"curies":[{"name":"wp","href":"https:\/\/api.w.org\/{rel}","templated":true}]}}